{"id":3829,"date":"2015-11-13T10:42:48","date_gmt":"2015-11-13T10:42:48","guid":{"rendered":"https:\/\/coro.meridianos.org\/?p=3829"},"modified":"2016-09-30T11:56:20","modified_gmt":"2016-09-30T11:56:20","slug":"concierto-en-el-cep","status":"publish","type":"post","link":"https:\/\/coro.meridianos.org\/index.php\/concierto-en-el-cep\/","title":{"rendered":"Concierto en el CEP"},"content":{"rendered":"<p>El pr\u00f3ximo lunes 16 de noviembre el Coro actuar\u00e1 en el acto de inauguraci\u00f3n de un curso de formaci\u00f3n en el Centro del Profesorado de Sevilla a las 16:30. Ser\u00e1 una estupenda ocasi\u00f3n para mostrar el trabajo realizado a los profesores de todos los colegios de la ciudad.<\/p>\n","protected":false},"excerpt":{"rendered":"<p>El pr\u00f3ximo lunes 16 de noviembre el Coro actuar\u00e1 en el acto de inauguraci\u00f3n de un curso de formaci\u00f3n en el Centro del Profesorado de Sevilla a las 16:30. Ser\u00e1 una estupenda ocasi\u00f3n para mostrar el trabajo realizado a los profesores de todos los colegios de la ciudad.<\/p>\n","protected":false},"author":7,"featured_media":3830,"comment_status":"closed","ping_status":"closed","sticky":false,"template":"","format":"standard","meta":[],"categories":[55],"tags":[],"_links":{"self":[{"href":"https:\/\/coro.meridianos.org\/index.php\/wp-json\/wp\/v2\/posts\/3829"}],"collection":[{"href":"https:\/\/coro.meridianos.org\/index.php\/wp-json\/wp\/v2\/posts"}],"about":[{"href":"https:\/\/coro.meridianos.org\/index.php\/wp-json\/wp\/v2\/types\/post"}],"author":[{"embeddable":true,"href":"https:\/\/coro.meridianos.org\/index.php\/wp-json\/wp\/v2\/users\/7"}],"replies":[{"embeddable":true,"href":"https:\/\/coro.meridianos.org\/index.php\/wp-json\/wp\/v2\/comments?post=3829"}],"version-history":[{"count":2,"href":"https:\/\/coro.meridianos.org\/index.php\/wp-json\/wp\/v2\/posts\/3829\/revisions"}],"predecessor-version":[{"id":4629,"href":"https:\/\/coro.meridianos.org\/index.php\/wp-json\/wp\/v2\/posts\/3829\/revisions\/4629"}],"wp:featuredmedia":[{"embeddable":true,"href":"https:\/\/coro.meridianos.org\/index.php\/wp-json\/wp\/v2\/media\/3830"}],"wp:attachment":[{"href":"https:\/\/coro.meridianos.org\/index.php\/wp-json\/wp\/v2\/media?parent=3829"}],"wp:term":[{"taxonomy":"category","embeddable":true,"href":"https:\/\/coro.meridianos.org\/index.php\/wp-json\/wp\/v2\/categories?post=3829"},{"taxonomy":"post_tag","embeddable":true,"href":"https:\/\/coro.meridianos.org\/index.php\/wp-json\/wp\/v2\/tags?post=3829"}],"curies":[{"name":"wp","href":"https:\/\/api.w.org\/{rel}","templated":true}]}}