{"id":3814,"date":"2015-11-13T09:08:27","date_gmt":"2015-11-13T09:08:27","guid":{"rendered":"https:\/\/coro.meridianos.org\/?p=3814"},"modified":"2016-09-30T11:56:01","modified_gmt":"2016-09-30T11:56:01","slug":"concierto-en-umbrete","status":"publish","type":"post","link":"https:\/\/coro.meridianos.org\/index.php\/concierto-en-umbrete\/","title":{"rendered":"Concierto en Umbrete"},"content":{"rendered":"<p>Este viernes 13 de noviembre el Coro Meridianos tendr\u00e1 su primera salida para realizar un concierto en la localidad de Umbrete, en el Aljarafe sevillano. El evento tendr\u00e1 lugar en la parroquia de Nuestra Se\u00f1ora de la Consolaci\u00f3n a las 20:00.\u00a0<a href=\"https:\/\/coro.meridianos.org\/wp-content\/uploads\/2015\/11\/DSC_0169.jpg\"><img loading=\"lazy\" class=\"aligncenter size-thumbnail wp-image-3824\" src=\"https:\/\/coro.meridianos.org\/wp-content\/uploads\/2015\/11\/DSC_0169-150x150.jpg\" alt=\"DSC_0169\" width=\"150\" height=\"150\" \/><\/a><\/p>\n","protected":false},"excerpt":{"rendered":"<p>Este viernes 13 de noviembre el Coro Meridianos tendr\u00e1 su primera salida para realizar un concierto en la localidad de Umbrete, en el Aljarafe sevillano. El evento tendr\u00e1 lugar en la parroquia de Nuestra Se\u00f1ora de la Consolaci\u00f3n a las 20:00.\u00a0<\/p>\n","protected":false},"author":7,"featured_media":3828,"comment_status":"closed","ping_status":"closed","sticky":false,"template":"","format":"standard","meta":[],"categories":[55],"tags":[],"_links":{"self":[{"href":"https:\/\/coro.meridianos.org\/index.php\/wp-json\/wp\/v2\/posts\/3814"}],"collection":[{"href":"https:\/\/coro.meridianos.org\/index.php\/wp-json\/wp\/v2\/posts"}],"about":[{"href":"https:\/\/coro.meridianos.org\/index.php\/wp-json\/wp\/v2\/types\/post"}],"author":[{"embeddable":true,"href":"https:\/\/coro.meridianos.org\/index.php\/wp-json\/wp\/v2\/users\/7"}],"replies":[{"embeddable":true,"href":"https:\/\/coro.meridianos.org\/index.php\/wp-json\/wp\/v2\/comments?post=3814"}],"version-history":[{"count":5,"href":"https:\/\/coro.meridianos.org\/index.php\/wp-json\/wp\/v2\/posts\/3814\/revisions"}],"predecessor-version":[{"id":4628,"href":"https:\/\/coro.meridianos.org\/index.php\/wp-json\/wp\/v2\/posts\/3814\/revisions\/4628"}],"wp:featuredmedia":[{"embeddable":true,"href":"https:\/\/coro.meridianos.org\/index.php\/wp-json\/wp\/v2\/media\/3828"}],"wp:attachment":[{"href":"https:\/\/coro.meridianos.org\/index.php\/wp-json\/wp\/v2\/media?parent=3814"}],"wp:term":[{"taxonomy":"category","embeddable":true,"href":"https:\/\/coro.meridianos.org\/index.php\/wp-json\/wp\/v2\/categories?post=3814"},{"taxonomy":"post_tag","embeddable":true,"href":"https:\/\/coro.meridianos.org\/index.php\/wp-json\/wp\/v2\/tags?post=3814"}],"curies":[{"name":"wp","href":"https:\/\/api.w.org\/{rel}","templated":true}]}}