{"id":3802,"date":"2015-11-05T13:10:47","date_gmt":"2015-11-05T13:10:47","guid":{"rendered":"https:\/\/coro.meridianos.org\/?p=3802"},"modified":"2016-09-30T11:55:56","modified_gmt":"2016-09-30T11:55:56","slug":"concierto-en-la-parroquia-san-pio-x-2","status":"publish","type":"post","link":"https:\/\/coro.meridianos.org\/index.php\/concierto-en-la-parroquia-san-pio-x-2\/","title":{"rendered":"Concierto en la Parroquia San P\u00edo X"},"content":{"rendered":"<p>El pr\u00f3ximo domingo d\u00eda 8 de Noviembre tendr\u00e1 lugar el estreno de esta nueva temporada del Coro Meridianos con un concierto en la Parroquia San P\u00edo X de las Letan\u00edas. Ser\u00e1 a las 12:30 de la ma\u00f1ana, y el Coro interpretar\u00e1 un variado repertorio de canciones de todo el mundo.<\/p>\n","protected":false},"excerpt":{"rendered":"<p>El pr\u00f3ximo domingo d\u00eda 8 de Noviembre tendr\u00e1 lugar el estreno de esta nueva temporada del Coro Meridianos con un concierto en la Parroquia San P\u00edo X de las Letan\u00edas. Ser\u00e1 a las 12:30 de la ma\u00f1ana, y el Coro interpretar\u00e1 un variado repertorio de canciones de todo el mundo.<\/p>\n","protected":false},"author":7,"featured_media":3812,"comment_status":"closed","ping_status":"closed","sticky":false,"template":"","format":"standard","meta":[],"categories":[55],"tags":[],"_links":{"self":[{"href":"https:\/\/coro.meridianos.org\/index.php\/wp-json\/wp\/v2\/posts\/3802"}],"collection":[{"href":"https:\/\/coro.meridianos.org\/index.php\/wp-json\/wp\/v2\/posts"}],"about":[{"href":"https:\/\/coro.meridianos.org\/index.php\/wp-json\/wp\/v2\/types\/post"}],"author":[{"embeddable":true,"href":"https:\/\/coro.meridianos.org\/index.php\/wp-json\/wp\/v2\/users\/7"}],"replies":[{"embeddable":true,"href":"https:\/\/coro.meridianos.org\/index.php\/wp-json\/wp\/v2\/comments?post=3802"}],"version-history":[{"count":2,"href":"https:\/\/coro.meridianos.org\/index.php\/wp-json\/wp\/v2\/posts\/3802\/revisions"}],"predecessor-version":[{"id":4627,"href":"https:\/\/coro.meridianos.org\/index.php\/wp-json\/wp\/v2\/posts\/3802\/revisions\/4627"}],"wp:featuredmedia":[{"embeddable":true,"href":"https:\/\/coro.meridianos.org\/index.php\/wp-json\/wp\/v2\/media\/3812"}],"wp:attachment":[{"href":"https:\/\/coro.meridianos.org\/index.php\/wp-json\/wp\/v2\/media?parent=3802"}],"wp:term":[{"taxonomy":"category","embeddable":true,"href":"https:\/\/coro.meridianos.org\/index.php\/wp-json\/wp\/v2\/categories?post=3802"},{"taxonomy":"post_tag","embeddable":true,"href":"https:\/\/coro.meridianos.org\/index.php\/wp-json\/wp\/v2\/tags?post=3802"}],"curies":[{"name":"wp","href":"https:\/\/api.w.org\/{rel}","templated":true}]}}