{"id":3779,"date":"2015-09-03T10:36:13","date_gmt":"2015-09-03T10:36:13","guid":{"rendered":"https:\/\/coro.meridianos.org\/?p=3779"},"modified":"2016-09-30T11:55:52","modified_gmt":"2016-09-30T11:55:52","slug":"nuevas-pruebas-de-acceso","status":"publish","type":"post","link":"https:\/\/coro.meridianos.org\/index.php\/nuevas-pruebas-de-acceso\/","title":{"rendered":"Nuevas pruebas de acceso"},"content":{"rendered":"<p><a href=\"https:\/\/coro.meridianos.org\/wp-content\/uploads\/2015\/09\/DSC_0505.jpg\"><img loading=\"lazy\" class=\" wp-image-3781 alignleft\" src=\"https:\/\/coro.meridianos.org\/wp-content\/uploads\/2015\/09\/DSC_0505-150x150.jpg\" alt=\"DSC_0505\" width=\"117\" height=\"117\" \/><\/a>El Coro Meridianos busca nuevas incorporaciones, y para ello realizar\u00e1 audiciones en todos los colegios del Pol\u00edgono Sur entre los d\u00edas 21 y 30 de Septiembre. Las fechas exactas se ir\u00e1n anunciando en cada colegio.\u00a0Las audiciones consistir\u00e1n en una prueba de entonaci\u00f3n y una de ritmo con las que se comprobar\u00e1 que el candidato o la candidata tiene las cualidades necesarias para formar parte del Coro.\u00a0Adem\u00e1s de las pruebas en los colegios, cualquier interesado tiene la posibilidad de realizar la audici\u00f3n directamente en la sede del Coro (Colegio Fray Bartolom\u00e9 de las Casas) los lunes y viernes, a partir del d\u00eda 18 de Septiembre, a las 17:15.<\/p>\n","protected":false},"excerpt":{"rendered":"<p>El Coro Meridianos busca nuevas incorporaciones, y para ello realizar\u00e1 audiciones en todos los colegios del Pol\u00edgono Sur entre los d\u00edas 21 y 30 de Septiembre. Las fechas exactas se ir\u00e1n anunciando en cada colegio.\u00a0Las audiciones consistir\u00e1n en una prueba de entonaci\u00f3n y una de ritmo con las que se comprobar\u00e1 que el candidato o [&hellip;]<\/p>\n","protected":false},"author":7,"featured_media":3787,"comment_status":"closed","ping_status":"closed","sticky":false,"template":"","format":"standard","meta":[],"categories":[55],"tags":[],"_links":{"self":[{"href":"https:\/\/coro.meridianos.org\/index.php\/wp-json\/wp\/v2\/posts\/3779"}],"collection":[{"href":"https:\/\/coro.meridianos.org\/index.php\/wp-json\/wp\/v2\/posts"}],"about":[{"href":"https:\/\/coro.meridianos.org\/index.php\/wp-json\/wp\/v2\/types\/post"}],"author":[{"embeddable":true,"href":"https:\/\/coro.meridianos.org\/index.php\/wp-json\/wp\/v2\/users\/7"}],"replies":[{"embeddable":true,"href":"https:\/\/coro.meridianos.org\/index.php\/wp-json\/wp\/v2\/comments?post=3779"}],"version-history":[{"count":6,"href":"https:\/\/coro.meridianos.org\/index.php\/wp-json\/wp\/v2\/posts\/3779\/revisions"}],"predecessor-version":[{"id":4626,"href":"https:\/\/coro.meridianos.org\/index.php\/wp-json\/wp\/v2\/posts\/3779\/revisions\/4626"}],"wp:featuredmedia":[{"embeddable":true,"href":"https:\/\/coro.meridianos.org\/index.php\/wp-json\/wp\/v2\/media\/3787"}],"wp:attachment":[{"href":"https:\/\/coro.meridianos.org\/index.php\/wp-json\/wp\/v2\/media?parent=3779"}],"wp:term":[{"taxonomy":"category","embeddable":true,"href":"https:\/\/coro.meridianos.org\/index.php\/wp-json\/wp\/v2\/categories?post=3779"},{"taxonomy":"post_tag","embeddable":true,"href":"https:\/\/coro.meridianos.org\/index.php\/wp-json\/wp\/v2\/tags?post=3779"}],"curies":[{"name":"wp","href":"https:\/\/api.w.org\/{rel}","templated":true}]}}