{"id":3774,"date":"2015-09-03T09:54:04","date_gmt":"2015-09-03T09:54:04","guid":{"rendered":"https:\/\/coro.meridianos.org\/?p=3774"},"modified":"2016-09-30T11:55:47","modified_gmt":"2016-09-30T11:55:47","slug":"inicio-del-nuevo-curso","status":"publish","type":"post","link":"https:\/\/coro.meridianos.org\/index.php\/inicio-del-nuevo-curso\/","title":{"rendered":"Inicio del Nuevo Curso"},"content":{"rendered":"<p style=\"text-align: center;\"><a href=\"https:\/\/coro.meridianos.org\/wp-content\/uploads\/2015\/09\/14.jpg\"><img loading=\"lazy\" class=\"wp-image-3783 aligncenter\" src=\"https:\/\/coro.meridianos.org\/wp-content\/uploads\/2015\/09\/14-150x150.jpg\" alt=\"14\" width=\"54\" height=\"54\" \/><\/a>Tras los \u00e9xitos cosechados durante el pasado curso, los integrantes del coro volver\u00e1n al trabajo a partir del viernes 18 de Septiembre, y comenzar\u00e1n a preparar los conciertos que tendr\u00e1n lugar durante el mes de Octubre, y que se anunciar\u00e1n pr\u00f3ximamente en la web.<\/p>\n","protected":false},"excerpt":{"rendered":"<p>Tras los \u00e9xitos cosechados durante el pasado curso, los integrantes del coro volver\u00e1n al trabajo a partir del viernes 18 de Septiembre, y comenzar\u00e1n a preparar los conciertos que tendr\u00e1n lugar durante el mes de Octubre, y que se anunciar\u00e1n pr\u00f3ximamente en la web.<\/p>\n","protected":false},"author":7,"featured_media":3778,"comment_status":"closed","ping_status":"closed","sticky":false,"template":"","format":"standard","meta":[],"categories":[55],"tags":[],"_links":{"self":[{"href":"https:\/\/coro.meridianos.org\/index.php\/wp-json\/wp\/v2\/posts\/3774"}],"collection":[{"href":"https:\/\/coro.meridianos.org\/index.php\/wp-json\/wp\/v2\/posts"}],"about":[{"href":"https:\/\/coro.meridianos.org\/index.php\/wp-json\/wp\/v2\/types\/post"}],"author":[{"embeddable":true,"href":"https:\/\/coro.meridianos.org\/index.php\/wp-json\/wp\/v2\/users\/7"}],"replies":[{"embeddable":true,"href":"https:\/\/coro.meridianos.org\/index.php\/wp-json\/wp\/v2\/comments?post=3774"}],"version-history":[{"count":7,"href":"https:\/\/coro.meridianos.org\/index.php\/wp-json\/wp\/v2\/posts\/3774\/revisions"}],"predecessor-version":[{"id":4625,"href":"https:\/\/coro.meridianos.org\/index.php\/wp-json\/wp\/v2\/posts\/3774\/revisions\/4625"}],"wp:featuredmedia":[{"embeddable":true,"href":"https:\/\/coro.meridianos.org\/index.php\/wp-json\/wp\/v2\/media\/3778"}],"wp:attachment":[{"href":"https:\/\/coro.meridianos.org\/index.php\/wp-json\/wp\/v2\/media?parent=3774"}],"wp:term":[{"taxonomy":"category","embeddable":true,"href":"https:\/\/coro.meridianos.org\/index.php\/wp-json\/wp\/v2\/categories?post=3774"},{"taxonomy":"post_tag","embeddable":true,"href":"https:\/\/coro.meridianos.org\/index.php\/wp-json\/wp\/v2\/tags?post=3774"}],"curies":[{"name":"wp","href":"https:\/\/api.w.org\/{rel}","templated":true}]}}