{"id":3752,"date":"2015-06-23T08:04:43","date_gmt":"2015-06-23T08:04:43","guid":{"rendered":"https:\/\/coro.meridianos.org\/?p=3752"},"modified":"2016-09-30T11:55:45","modified_gmt":"2016-09-30T11:55:45","slug":"el-coro-meridianos-cierra-el-curso-participando-en-cantania-2015","status":"publish","type":"post","link":"https:\/\/coro.meridianos.org\/index.php\/el-coro-meridianos-cierra-el-curso-participando-en-cantania-2015\/","title":{"rendered":"Cierre el curso en Cantania 2015"},"content":{"rendered":"<p style=\"text-align: justify;\" align=\"JUSTIFY\"><a href=\"https:\/\/coro.meridianos.org\/wp-content\/uploads\/2015\/06\/DSC_0259.jpg\"><img loading=\"lazy\" class=\"size-thumbnail wp-image-3753 alignleft\" src=\"https:\/\/coro.meridianos.org\/wp-content\/uploads\/2015\/06\/DSC_0259-150x150.jpg\" alt=\"DSC_0259\" width=\"150\" height=\"150\" \/><\/a><a name=\"_GoBack\"><\/a>El pasado d\u00eda 16 de Junio el coro Meridianos particip\u00f3 en la cantata \u201cUn mundo entre dos tierras\u201d como parte de un proyecto producido por el Auditori de Barcelona y que se celebraba en Sevilla por tercer a\u00f1o consecutivo. Se trata del proyecto Cantania, que consiste en la realizaci\u00f3n de una cantata de gran formato coral y orquestal que incluye elementos teatrales y coreogr\u00e1ficos. La obra, compuesta por Xavier Pag\u00e9s y escrita por Carlota Subir\u00f3s, narra la historia de un chico africano que al venir a vivir a Europa queda fascinado con el mar.<\/p>\n<p align=\"JUSTIFY\">Los chicos y chicas del coro Meridianos se unieron a otros coros procedentes de diversos colegios de la provincia para interpretar, en el teatro Riveras del Guadaira de Alcal\u00e1 de Guadaira, esta obra que contaba con la participaci\u00f3n de diversos profesionales, como la Orquesta B\u00e9tica de C\u00e1mara, el bar\u00edtono Jorge de la Rosa y la actriz Viviane Araujo.<\/p>\n<p align=\"JUSTIFY\">Los organizadores del proyecto destacan que se trata de un proyecto inclusivo que sirve para poner a los participantes en el centro de una experiencia musical de m\u00e1xima calidad, adem\u00e1s de tener un alto valor pedag\u00f3gico y de aprovechar el poder de transformaci\u00f3n social y de satisfacci\u00f3n personal que aporta la m\u00fasica.<\/p>\n<p align=\"JUSTIFY\">El resultado fue excelente, como han destacado diversos medios de comunicaci\u00f3n, y los participantes alcanzaron un grado muy alto de satisfacci\u00f3n, por lo que el balance de la participaci\u00f3n del Coro Meridianos en este proyecto ha sido muy positivo. Se trata en definitiva de una experiencia que ha tenido un gran impacto en los miembros del Coro Meridianos, y el colof\u00f3n a un a\u00f1o de intenso trabajo.<\/p>\n","protected":false},"excerpt":{"rendered":"<p>El pasado d\u00eda 16 de Junio el coro Meridianos particip\u00f3 en la cantata \u201cUn mundo entre dos tierras\u201d como parte de un proyecto producido por el Auditori de Barcelona y que se celebraba en Sevilla por tercer a\u00f1o consecutivo. Se trata del proyecto Cantania, que consiste en la realizaci\u00f3n de una cantata de gran formato [&hellip;]<\/p>\n","protected":false},"author":7,"featured_media":3759,"comment_status":"closed","ping_status":"closed","sticky":false,"template":"","format":"standard","meta":[],"categories":[55],"tags":[],"_links":{"self":[{"href":"https:\/\/coro.meridianos.org\/index.php\/wp-json\/wp\/v2\/posts\/3752"}],"collection":[{"href":"https:\/\/coro.meridianos.org\/index.php\/wp-json\/wp\/v2\/posts"}],"about":[{"href":"https:\/\/coro.meridianos.org\/index.php\/wp-json\/wp\/v2\/types\/post"}],"author":[{"embeddable":true,"href":"https:\/\/coro.meridianos.org\/index.php\/wp-json\/wp\/v2\/users\/7"}],"replies":[{"embeddable":true,"href":"https:\/\/coro.meridianos.org\/index.php\/wp-json\/wp\/v2\/comments?post=3752"}],"version-history":[{"count":5,"href":"https:\/\/coro.meridianos.org\/index.php\/wp-json\/wp\/v2\/posts\/3752\/revisions"}],"predecessor-version":[{"id":4624,"href":"https:\/\/coro.meridianos.org\/index.php\/wp-json\/wp\/v2\/posts\/3752\/revisions\/4624"}],"wp:featuredmedia":[{"embeddable":true,"href":"https:\/\/coro.meridianos.org\/index.php\/wp-json\/wp\/v2\/media\/3759"}],"wp:attachment":[{"href":"https:\/\/coro.meridianos.org\/index.php\/wp-json\/wp\/v2\/media?parent=3752"}],"wp:term":[{"taxonomy":"category","embeddable":true,"href":"https:\/\/coro.meridianos.org\/index.php\/wp-json\/wp\/v2\/categories?post=3752"},{"taxonomy":"post_tag","embeddable":true,"href":"https:\/\/coro.meridianos.org\/index.php\/wp-json\/wp\/v2\/tags?post=3752"}],"curies":[{"name":"wp","href":"https:\/\/api.w.org\/{rel}","templated":true}]}}