{"id":3704,"date":"2015-05-21T10:13:21","date_gmt":"2015-05-21T10:13:21","guid":{"rendered":"https:\/\/coro.meridianos.org\/?p=3704"},"modified":"2016-09-30T11:55:34","modified_gmt":"2016-09-30T11:55:34","slug":"mesa-informativa-en-la-zarzuela","status":"publish","type":"post","link":"https:\/\/coro.meridianos.org\/index.php\/mesa-informativa-en-la-zarzuela\/","title":{"rendered":"Mesa informativa en la Zarzuela"},"content":{"rendered":"<p><a href=\"https:\/\/coro.meridianos.org\/wp-content\/uploads\/2015\/05\/Zarzueladestacada2.jpg\"><img loading=\"lazy\" class=\" wp-image-3705 alignleft\" src=\"https:\/\/coro.meridianos.org\/wp-content\/uploads\/2015\/05\/Zarzueladestacada2-150x150.jpg\" alt=\"Zarzueladestacada2\" width=\"84\" height=\"84\" \/><\/a>Los pr\u00f3ximos d\u00edas 28 y 29 de Mayo, a partir de las 17:30, representantes del coro Meridianos estar\u00e1n con una mesa informativa en la Sala Joaqu\u00edn Turina de Sevilla. All\u00ed tendr\u00e1n lugar las representaciones que llevar\u00e1 a cabo la Compa\u00f1\u00eda Sevillana de Zarzuela, con los que el Coro ha firmado recientemente un acuerdo de colaboraci\u00f3n. En esta ocasi\u00f3n la compa\u00f1\u00eda presentar\u00e1 dos t\u00edtulos cl\u00e1sicos del g\u00e9nero chico: La Gran V\u00eda y La Revoltosa, y una parte de la recaudaci\u00f3n ir\u00e1 destinada al proyecto del Coro Meridianos.<\/p>\n","protected":false},"excerpt":{"rendered":"<p>Los pr\u00f3ximos d\u00edas 28 y 29 de Mayo, a partir de las 17:30, representantes del coro Meridianos estar\u00e1n con una mesa informativa en la Sala Joaqu\u00edn Turina de Sevilla. All\u00ed tendr\u00e1n lugar las representaciones que llevar\u00e1 a cabo la Compa\u00f1\u00eda Sevillana de Zarzuela, con los que el Coro ha firmado recientemente un acuerdo de colaboraci\u00f3n. [&hellip;]<\/p>\n","protected":false},"author":7,"featured_media":3705,"comment_status":"closed","ping_status":"closed","sticky":false,"template":"","format":"standard","meta":[],"categories":[55],"tags":[],"_links":{"self":[{"href":"https:\/\/coro.meridianos.org\/index.php\/wp-json\/wp\/v2\/posts\/3704"}],"collection":[{"href":"https:\/\/coro.meridianos.org\/index.php\/wp-json\/wp\/v2\/posts"}],"about":[{"href":"https:\/\/coro.meridianos.org\/index.php\/wp-json\/wp\/v2\/types\/post"}],"author":[{"embeddable":true,"href":"https:\/\/coro.meridianos.org\/index.php\/wp-json\/wp\/v2\/users\/7"}],"replies":[{"embeddable":true,"href":"https:\/\/coro.meridianos.org\/index.php\/wp-json\/wp\/v2\/comments?post=3704"}],"version-history":[{"count":4,"href":"https:\/\/coro.meridianos.org\/index.php\/wp-json\/wp\/v2\/posts\/3704\/revisions"}],"predecessor-version":[{"id":4622,"href":"https:\/\/coro.meridianos.org\/index.php\/wp-json\/wp\/v2\/posts\/3704\/revisions\/4622"}],"wp:featuredmedia":[{"embeddable":true,"href":"https:\/\/coro.meridianos.org\/index.php\/wp-json\/wp\/v2\/media\/3705"}],"wp:attachment":[{"href":"https:\/\/coro.meridianos.org\/index.php\/wp-json\/wp\/v2\/media?parent=3704"}],"wp:term":[{"taxonomy":"category","embeddable":true,"href":"https:\/\/coro.meridianos.org\/index.php\/wp-json\/wp\/v2\/categories?post=3704"},{"taxonomy":"post_tag","embeddable":true,"href":"https:\/\/coro.meridianos.org\/index.php\/wp-json\/wp\/v2\/tags?post=3704"}],"curies":[{"name":"wp","href":"https:\/\/api.w.org\/{rel}","templated":true}]}}