{"id":3657,"date":"2015-05-06T10:38:11","date_gmt":"2015-05-06T10:38:11","guid":{"rendered":"https:\/\/coro.meridianos.org\/?p=3657"},"modified":"2016-09-30T11:55:30","modified_gmt":"2016-09-30T11:55:30","slug":"proyecto-cantania-2015","status":"publish","type":"post","link":"https:\/\/coro.meridianos.org\/index.php\/proyecto-cantania-2015\/","title":{"rendered":"Fecha del Proyecto Cantania 2015"},"content":{"rendered":"<p style=\"text-align: justify;\"><a href=\"https:\/\/coro.meridianos.org\/wp-content\/uploads\/2015\/05\/Destacada-ensayo2.jpg\"><img loading=\"lazy\" class=\" wp-image-3659 alignleft\" title=\"Ensayo\" src=\"https:\/\/coro.meridianos.org\/wp-content\/uploads\/2015\/05\/Destacada-ensayo2-150x150.jpg\" alt=\"Destacada ensayo2\" width=\"72\" height=\"72\" srcset=\"https:\/\/coro.meridianos.org\/wp-content\/uploads\/2015\/05\/Destacada-ensayo2-150x150.jpg 150w, https:\/\/coro.meridianos.org\/wp-content\/uploads\/2015\/05\/Destacada-ensayo2-440x436.jpg 440w\" sizes=\"(max-width: 72px) 100vw, 72px\" \/><\/a>El proyecto Cantania tiene fecha definitiva. El concierto para el que el coro Meridianos se ha estado preparando durante los \u00faltimos meses y en el que participar\u00e1\u00a0 con ni\u00f1os y ni\u00f1as de diferentes coros de Andaluc\u00eda tendr\u00e1 lugar el d\u00eda 16 de Junio a las 20:30 horas en el Teatro Riberas de Guadaira, en Alcal\u00e1 de Guadaira, Sevilla.<\/p>\n","protected":false},"excerpt":{"rendered":"<p>El proyecto Cantania tiene fecha definitiva. El concierto para el que el coro Meridianos se ha estado preparando durante los \u00faltimos meses y en el que participar\u00e1\u00a0 con ni\u00f1os y ni\u00f1as de diferentes coros de Andaluc\u00eda tendr\u00e1 lugar el d\u00eda 16 de Junio a las 20:30 horas en el Teatro Riberas de Guadaira, en Alcal\u00e1 [&hellip;]<\/p>\n","protected":false},"author":7,"featured_media":3659,"comment_status":"closed","ping_status":"closed","sticky":false,"template":"","format":"standard","meta":[],"categories":[55],"tags":[],"_links":{"self":[{"href":"https:\/\/coro.meridianos.org\/index.php\/wp-json\/wp\/v2\/posts\/3657"}],"collection":[{"href":"https:\/\/coro.meridianos.org\/index.php\/wp-json\/wp\/v2\/posts"}],"about":[{"href":"https:\/\/coro.meridianos.org\/index.php\/wp-json\/wp\/v2\/types\/post"}],"author":[{"embeddable":true,"href":"https:\/\/coro.meridianos.org\/index.php\/wp-json\/wp\/v2\/users\/7"}],"replies":[{"embeddable":true,"href":"https:\/\/coro.meridianos.org\/index.php\/wp-json\/wp\/v2\/comments?post=3657"}],"version-history":[{"count":4,"href":"https:\/\/coro.meridianos.org\/index.php\/wp-json\/wp\/v2\/posts\/3657\/revisions"}],"predecessor-version":[{"id":4621,"href":"https:\/\/coro.meridianos.org\/index.php\/wp-json\/wp\/v2\/posts\/3657\/revisions\/4621"}],"wp:featuredmedia":[{"embeddable":true,"href":"https:\/\/coro.meridianos.org\/index.php\/wp-json\/wp\/v2\/media\/3659"}],"wp:attachment":[{"href":"https:\/\/coro.meridianos.org\/index.php\/wp-json\/wp\/v2\/media?parent=3657"}],"wp:term":[{"taxonomy":"category","embeddable":true,"href":"https:\/\/coro.meridianos.org\/index.php\/wp-json\/wp\/v2\/categories?post=3657"},{"taxonomy":"post_tag","embeddable":true,"href":"https:\/\/coro.meridianos.org\/index.php\/wp-json\/wp\/v2\/tags?post=3657"}],"curies":[{"name":"wp","href":"https:\/\/api.w.org\/{rel}","templated":true}]}}