{"id":3645,"date":"2015-05-06T10:18:28","date_gmt":"2015-05-06T10:18:28","guid":{"rendered":"https:\/\/coro.meridianos.org\/?p=3645"},"modified":"2016-09-30T11:55:26","modified_gmt":"2016-09-30T11:55:26","slug":"acuerdo-de-colaboracion-con-la-compania-sevillana-de-zarzuela","status":"publish","type":"post","link":"https:\/\/coro.meridianos.org\/index.php\/acuerdo-de-colaboracion-con-la-compania-sevillana-de-zarzuela\/","title":{"rendered":"Convenio con la Compa\u00f1\u00eda Sevillana de Zarzuela"},"content":{"rendered":"<p style=\"text-align: center;\"><a href=\"https:\/\/coro.meridianos.org\/wp-content\/uploads\/2015\/05\/destacada-zarzuela.jpg\"><img loading=\"lazy\" class=\"wp-image-3646 aligncenter\" title=\"Compa\u00f1\u00eda sevillana de zarzuela\" src=\"https:\/\/coro.meridianos.org\/wp-content\/uploads\/2015\/05\/destacada-zarzuela-300x202.jpg\" alt=\"destacada zarzuela\" width=\"65\" height=\"44\" srcset=\"https:\/\/coro.meridianos.org\/wp-content\/uploads\/2015\/05\/destacada-zarzuela-300x202.jpg 300w, https:\/\/coro.meridianos.org\/wp-content\/uploads\/2015\/05\/destacada-zarzuela-1024x692.jpg 1024w, https:\/\/coro.meridianos.org\/wp-content\/uploads\/2015\/05\/destacada-zarzuela.jpg 1300w\" sizes=\"(max-width: 65px) 100vw, 65px\" \/><\/a>La Compa\u00f1\u00eda Sevillana de Zarzuela y el Coro Meridianos han llegado a un acuerdo de colaboraci\u00f3n fruto del conocimiento mutuo que se llev\u00f3 a cabo en los conciertos que el coro realiz\u00f3 en navidad. A ra\u00edz de esta experiencia, la compa\u00f1\u00eda Sevillana de Zarzuela, dentro de su programa de colaboraciones solidarias, apoyar\u00e1 al coro Meridianos con parte de la recaudaci\u00f3n de\u00a0 sus pr\u00f3ximas representaciones, \u201cLa Revoltosa\u201d y \u201cLa Gran V\u00eda\u201d, que tendr\u00e1n lugar los d\u00edas 28 y 29 de Mayo respectivamente en la Sala Joaqu\u00edn Turina. En ambas el Coro Meridianos estar\u00e1 presente con una mesa informativa. Esta primera colaboraci\u00f3n es el inicio de una relaci\u00f3n que en el futuro llevar\u00e1 al coro a participar en alguno de sus proyectos musicales.<\/p>\n","protected":false},"excerpt":{"rendered":"<p>La Compa\u00f1\u00eda Sevillana de Zarzuela y el Coro Meridianos han llegado a un acuerdo de colaboraci\u00f3n fruto del conocimiento mutuo que se llev\u00f3 a cabo en los conciertos que el coro realiz\u00f3 en navidad. A ra\u00edz de esta experiencia, la compa\u00f1\u00eda Sevillana de Zarzuela, dentro de su programa de colaboraciones solidarias, apoyar\u00e1 al coro Meridianos [&hellip;]<\/p>\n","protected":false},"author":7,"featured_media":3702,"comment_status":"closed","ping_status":"closed","sticky":false,"template":"","format":"standard","meta":[],"categories":[55],"tags":[],"_links":{"self":[{"href":"https:\/\/coro.meridianos.org\/index.php\/wp-json\/wp\/v2\/posts\/3645"}],"collection":[{"href":"https:\/\/coro.meridianos.org\/index.php\/wp-json\/wp\/v2\/posts"}],"about":[{"href":"https:\/\/coro.meridianos.org\/index.php\/wp-json\/wp\/v2\/types\/post"}],"author":[{"embeddable":true,"href":"https:\/\/coro.meridianos.org\/index.php\/wp-json\/wp\/v2\/users\/7"}],"replies":[{"embeddable":true,"href":"https:\/\/coro.meridianos.org\/index.php\/wp-json\/wp\/v2\/comments?post=3645"}],"version-history":[{"count":10,"href":"https:\/\/coro.meridianos.org\/index.php\/wp-json\/wp\/v2\/posts\/3645\/revisions"}],"predecessor-version":[{"id":4620,"href":"https:\/\/coro.meridianos.org\/index.php\/wp-json\/wp\/v2\/posts\/3645\/revisions\/4620"}],"wp:featuredmedia":[{"embeddable":true,"href":"https:\/\/coro.meridianos.org\/index.php\/wp-json\/wp\/v2\/media\/3702"}],"wp:attachment":[{"href":"https:\/\/coro.meridianos.org\/index.php\/wp-json\/wp\/v2\/media?parent=3645"}],"wp:term":[{"taxonomy":"category","embeddable":true,"href":"https:\/\/coro.meridianos.org\/index.php\/wp-json\/wp\/v2\/categories?post=3645"},{"taxonomy":"post_tag","embeddable":true,"href":"https:\/\/coro.meridianos.org\/index.php\/wp-json\/wp\/v2\/tags?post=3645"}],"curies":[{"name":"wp","href":"https:\/\/api.w.org\/{rel}","templated":true}]}}