{"id":3636,"date":"2015-03-24T16:44:16","date_gmt":"2015-03-24T16:44:16","guid":{"rendered":"https:\/\/coro.meridianos.org\/?p=3636"},"modified":"2016-09-30T11:55:22","modified_gmt":"2016-09-30T11:55:22","slug":"jornada-de-formacion-sabado-11-de-abril","status":"publish","type":"post","link":"https:\/\/coro.meridianos.org\/index.php\/jornada-de-formacion-sabado-11-de-abril\/","title":{"rendered":"Jornada de formaci\u00f3n s\u00e1bado 11 de abril"},"content":{"rendered":"<p style=\"text-align: justify;\"><a href=\"https:\/\/coro.meridianos.org\/wp-content\/uploads\/2015\/03\/imagen-detacada-convivencia-abril.jpg\"><img loading=\"lazy\" class=\"wp-image-3638 alignleft\" src=\"https:\/\/coro.meridianos.org\/wp-content\/uploads\/2015\/03\/imagen-detacada-convivencia-abril-300x177.jpg\" alt=\"imagen detacada convivencia abril\" width=\"180\" height=\"106\" srcset=\"https:\/\/coro.meridianos.org\/wp-content\/uploads\/2015\/03\/imagen-detacada-convivencia-abril-300x177.jpg 300w, https:\/\/coro.meridianos.org\/wp-content\/uploads\/2015\/03\/imagen-detacada-convivencia-abril-1024x604.jpg 1024w, https:\/\/coro.meridianos.org\/wp-content\/uploads\/2015\/03\/imagen-detacada-convivencia-abril-650x385.jpg 650w\" sizes=\"(max-width: 180px) 100vw, 180px\" \/><\/a>El pasado s\u00e1bado 11 de abril tuvo lugar una jornada de formaci\u00f3n en la sede del coro Meridianos que sirvi\u00f3 para preparar las coreograf\u00edas que acompa\u00f1ar\u00e1n las canciones de los conciertos de primavera y del proyecto Catania 2015, en el que participaremos con otros coros de Andaluc\u00eda. Tambi\u00e9n se dedic\u00f3 un tiempo a preparar el atrezzo para nuestra participaci\u00f3n en dicho proyecto.<\/p>\n","protected":false},"excerpt":{"rendered":"<p>El pasado s\u00e1bado 11 de abril tuvo lugar una jornada de formaci\u00f3n en la sede del coro Meridianos que sirvi\u00f3 para preparar las coreograf\u00edas que acompa\u00f1ar\u00e1n las canciones de los conciertos de primavera y del proyecto Catania 2015, en el que participaremos con otros coros de Andaluc\u00eda. Tambi\u00e9n se dedic\u00f3 un tiempo a preparar el [&hellip;]<\/p>\n","protected":false},"author":7,"featured_media":3641,"comment_status":"closed","ping_status":"closed","sticky":false,"template":"","format":"standard","meta":[],"categories":[55],"tags":[],"_links":{"self":[{"href":"https:\/\/coro.meridianos.org\/index.php\/wp-json\/wp\/v2\/posts\/3636"}],"collection":[{"href":"https:\/\/coro.meridianos.org\/index.php\/wp-json\/wp\/v2\/posts"}],"about":[{"href":"https:\/\/coro.meridianos.org\/index.php\/wp-json\/wp\/v2\/types\/post"}],"author":[{"embeddable":true,"href":"https:\/\/coro.meridianos.org\/index.php\/wp-json\/wp\/v2\/users\/7"}],"replies":[{"embeddable":true,"href":"https:\/\/coro.meridianos.org\/index.php\/wp-json\/wp\/v2\/comments?post=3636"}],"version-history":[{"count":7,"href":"https:\/\/coro.meridianos.org\/index.php\/wp-json\/wp\/v2\/posts\/3636\/revisions"}],"predecessor-version":[{"id":4619,"href":"https:\/\/coro.meridianos.org\/index.php\/wp-json\/wp\/v2\/posts\/3636\/revisions\/4619"}],"wp:featuredmedia":[{"embeddable":true,"href":"https:\/\/coro.meridianos.org\/index.php\/wp-json\/wp\/v2\/media\/3641"}],"wp:attachment":[{"href":"https:\/\/coro.meridianos.org\/index.php\/wp-json\/wp\/v2\/media?parent=3636"}],"wp:term":[{"taxonomy":"category","embeddable":true,"href":"https:\/\/coro.meridianos.org\/index.php\/wp-json\/wp\/v2\/categories?post=3636"},{"taxonomy":"post_tag","embeddable":true,"href":"https:\/\/coro.meridianos.org\/index.php\/wp-json\/wp\/v2\/tags?post=3636"}],"curies":[{"name":"wp","href":"https:\/\/api.w.org\/{rel}","templated":true}]}}