{"id":3635,"date":"2015-06-15T10:49:27","date_gmt":"2015-06-15T10:49:27","guid":{"rendered":"https:\/\/coro.meridianos.org\/?p=3635"},"modified":"2016-09-30T11:55:39","modified_gmt":"2016-09-30T11:55:39","slug":"ensayo-de-cantania-con-los-padres-y-madres","status":"publish","type":"post","link":"https:\/\/coro.meridianos.org\/index.php\/ensayo-de-cantania-con-los-padres-y-madres\/","title":{"rendered":"Ensayo de Cantania con los padres y madres"},"content":{"rendered":"<p style=\"text-align: justify;\"><a href=\"https:\/\/coro.meridianos.org\/wp-content\/uploads\/2015\/06\/EnsayoCantania.jpg\"><img loading=\"lazy\" class=\" wp-image-3743 alignleft\" src=\"https:\/\/coro.meridianos.org\/wp-content\/uploads\/2015\/06\/EnsayoCantania-150x150.jpg\" alt=\"EnsayoCantania\" width=\"58\" height=\"58\" \/><\/a>El pasado lunes 8 de Junio, se realiz\u00f3 uno de los \u00faltimos ensayos previos a la participaci\u00f3n del coro Meridianos en Cantania, en el teatro Riveras del Guadaira. La particularidad de este ensayo fue la presencia de los padres y madres de los integrantes del coro, que adem\u00e1s de poder ver y escuchar el gran trabajo realizado, se unieron a ellos para ensayar la canci\u00f3n final del espect\u00e1culo &#8220;Un Mundo entre Dos Tierras&#8221; que cantar\u00e1n junto al coro en el concierto.<\/p>\n","protected":false},"excerpt":{"rendered":"<p>El pasado lunes 8 de Junio, se realiz\u00f3 uno de los \u00faltimos ensayos previos a la participaci\u00f3n del coro Meridianos en Cantania, en el teatro Riveras del Guadaira. La particularidad de este ensayo fue la presencia de los padres y madres de los integrantes del coro, que adem\u00e1s de poder ver y escuchar el gran [&hellip;]<\/p>\n","protected":false},"author":7,"featured_media":3751,"comment_status":"closed","ping_status":"closed","sticky":false,"template":"","format":"standard","meta":[],"categories":[55],"tags":[],"_links":{"self":[{"href":"https:\/\/coro.meridianos.org\/index.php\/wp-json\/wp\/v2\/posts\/3635"}],"collection":[{"href":"https:\/\/coro.meridianos.org\/index.php\/wp-json\/wp\/v2\/posts"}],"about":[{"href":"https:\/\/coro.meridianos.org\/index.php\/wp-json\/wp\/v2\/types\/post"}],"author":[{"embeddable":true,"href":"https:\/\/coro.meridianos.org\/index.php\/wp-json\/wp\/v2\/users\/7"}],"replies":[{"embeddable":true,"href":"https:\/\/coro.meridianos.org\/index.php\/wp-json\/wp\/v2\/comments?post=3635"}],"version-history":[{"count":6,"href":"https:\/\/coro.meridianos.org\/index.php\/wp-json\/wp\/v2\/posts\/3635\/revisions"}],"predecessor-version":[{"id":4623,"href":"https:\/\/coro.meridianos.org\/index.php\/wp-json\/wp\/v2\/posts\/3635\/revisions\/4623"}],"wp:featuredmedia":[{"embeddable":true,"href":"https:\/\/coro.meridianos.org\/index.php\/wp-json\/wp\/v2\/media\/3751"}],"wp:attachment":[{"href":"https:\/\/coro.meridianos.org\/index.php\/wp-json\/wp\/v2\/media?parent=3635"}],"wp:term":[{"taxonomy":"category","embeddable":true,"href":"https:\/\/coro.meridianos.org\/index.php\/wp-json\/wp\/v2\/categories?post=3635"},{"taxonomy":"post_tag","embeddable":true,"href":"https:\/\/coro.meridianos.org\/index.php\/wp-json\/wp\/v2\/tags?post=3635"}],"curies":[{"name":"wp","href":"https:\/\/api.w.org\/{rel}","templated":true}]}}