{"id":3624,"date":"2015-03-04T17:35:08","date_gmt":"2015-03-04T17:35:08","guid":{"rendered":"https:\/\/coro.meridianos.org\/?p=3624"},"modified":"2016-09-30T11:31:59","modified_gmt":"2016-09-30T11:31:59","slug":"agenda-musical-de-marzo-en-sevilla","status":"publish","type":"post","link":"https:\/\/coro.meridianos.org\/index.php\/agenda-musical-de-marzo-en-sevilla\/","title":{"rendered":"Agenda musical de marzo en Sevilla"},"content":{"rendered":"<p style=\"text-align: justify;\"><strong> <a href=\"https:\/\/coro.meridianos.org\/wp-content\/uploads\/2015\/03\/ZARZUELA.jpg\"><img loading=\"lazy\" class=\"aligncenter size-full wp-image-3628\" src=\"https:\/\/coro.meridianos.org\/wp-content\/uploads\/2015\/03\/ZARZUELA.jpg\" alt=\"ZARZUELA\" width=\"600\" height=\"219\" srcset=\"https:\/\/coro.meridianos.org\/wp-content\/uploads\/2015\/03\/ZARZUELA.jpg 600w, https:\/\/coro.meridianos.org\/wp-content\/uploads\/2015\/03\/ZARZUELA-300x109.jpg 300w\" sizes=\"(max-width: 600px) 100vw, 600px\" \/><\/a>Este mes de marzo trae m\u00fasica para todos los gustos, desde \u00f3pera a zarzuela pasando por el jazz y el rock. Diferentes opciones para disfrutar de buena m\u00fasica en Sevilla.<\/strong><\/p>\n<h3 style=\"text-align: justify;\">Eva Jim\u00e9nez Quartet<\/h3>\n<p style=\"text-align: justify;\">El cuarteto de jazz, liderado por Eva Jim\u00e9nez, actuar\u00e1 el pr\u00f3ximo 3 de marzo a las 21 horas en el <a title=\"Eva Jim\u00e9nez Quartet\" href=\"http:\/\/www.juntadeandalucia.es\/cultura\/caac\/actividades\/proyectos\/jazzcaac15.htm\" target=\"_blank\"><strong>Centro Andaluz de Arte Contempor\u00e1neo<\/strong><\/a> dentro del ciclo de jazz organizado por este centro en colaboraci\u00f3n con la Asociaci\u00f3n Sevillana de Jazz que concluir\u00e1 el 24 de marzo. El cuarteto lo forman el pianista Javier Galiana, el contrabajista Vasil Hadjidgrudev, el bater\u00eda Dani Dom\u00ednguez y la vocalista Eva Jim\u00e9nez.<\/p>\n<h3 style=\"text-align: justify;\">La Revoltosa<\/h3>\n<p style=\"text-align: justify;\">La Compa\u00f1\u00eda Sevillana de Zarzuela representar\u00e1 La Revoltosa el s\u00e1bado 7 de marzo en la <strong><a title=\"La Revoltosa\" href=\"http:\/\/www.comunicacion.us.es\/centro-de-prensa\/cultura\/la-compania-sevillana-de-zarzuela-presenta-la-revoltosa\" target=\"_blank\">sala Chicarreros<\/a><\/strong> con fines solidarios. La recaudaci\u00f3n ser\u00e1 destinada a la Asociaci\u00f3n Sevilla DACE. La obra del madrile\u00f1o Ruperto Chap\u00ed, que trata sobre la relaci\u00f3n entre los miembros de un patio de vecinos est\u00e1 considerada, junto con La Verbena de la Paloma como uno de los mayores exponentes del g\u00e9nero chico.<\/p>\n<h3 style=\"text-align: justify;\">500 noches para una crisis<\/h3>\n<p style=\"text-align: justify;\">El cantautor ubetense ofrecer\u00e1 dos conciertos en Sevilla los d\u00edas 9 y 11 de marzo, en <a title=\"500 noches para una crisis\" href=\"http:\/\/www.fibes.es\/events\/joaquin-sabina-500-noches-para-una-crisis\/\" target=\"_blank\"><strong>FIBES<\/strong><\/a>. Y lo har\u00e1 dentro de su gira de conciertos <em>500 noches para una crisis<\/em>, una gira que conmemora su trabajo m\u00e1s conocido, <em>19 d\u00edas y 500 noches<\/em>. En estos conciertos interpretar\u00e1 sobre todo canciones de este disco, acompa\u00f1adas de otros grandes exitos que conforman la discograf\u00eda del cantante.<\/p>\n<h3 style=\"text-align: justify;\">Doctor Atomic<\/h3>\n<p style=\"text-align: justify;\">La \u00f3pera de John Adams llega como estreno absoluto en Espa\u00f1a al <a title=\"Doctor Atomic\" href=\"https:\/\/www.teatrodelamaestranza.es\/secciones\/prog\/prog_ficha.php?id=672\" target=\"_blank\"><strong>Teatro de la Maestranza<\/strong><\/a> de Sevilla. La obra estar\u00e1 en cartel los d\u00edas 13, 16 y 18 de marzo. Una obra con libreto del dramaturgo Peter Sellars que recrea la preparaci\u00f3n de la primera bomba at\u00f3mica y que mezcla en su partitura el minimalismo americano con el estilo sinf\u00f3nico del romanticismo tard\u00edo.<\/p>\n<h3 style=\"text-align: justify;\">Dianne Reeves<\/h3>\n<p style=\"text-align: justify;\">Considerada como la vocalista de jazz por excelencia, Dianne Reeves, ganadora de cuatro Grammy a la Mejor Interpretaci\u00f3n Vocal de Jazz, actuar\u00e1 en el <a title=\"Dianne Reeves\" href=\"http:\/\/teatrolopedevega.org\/dianne-reeves\/\" target=\"_blank\"><strong>Teatro Lope de Vega<\/strong><\/a> el lunes 23 de marzo. Reeves tiene una exitosa carrera musical a sus espaldas en la que destaca su aparici\u00f3n en la pel\u00edcula nominada al Oscar <em>Buenas noches y buena suerte, <\/em>de George Clonney.<\/p>\n","protected":false},"excerpt":{"rendered":"<p>Este mes de marzo trae m\u00fasica para todos los gustos, desde \u00f3pera a zarzuela pasando por el jazz y el rock. Diferentes opciones para disfrutar de buena m\u00fasica en Sevilla. Eva Jim\u00e9nez Quartet El cuarteto de jazz, liderado por Eva Jim\u00e9nez, actuar\u00e1 el pr\u00f3ximo 3 de marzo a las 21 horas en el Centro Andaluz [&hellip;]<\/p>\n","protected":false},"author":7,"featured_media":3625,"comment_status":"closed","ping_status":"closed","sticky":false,"template":"","format":"standard","meta":[],"categories":[52],"tags":[76,83,84,75,92,77,69,119,117,118],"_links":{"self":[{"href":"https:\/\/coro.meridianos.org\/index.php\/wp-json\/wp\/v2\/posts\/3624"}],"collection":[{"href":"https:\/\/coro.meridianos.org\/index.php\/wp-json\/wp\/v2\/posts"}],"about":[{"href":"https:\/\/coro.meridianos.org\/index.php\/wp-json\/wp\/v2\/types\/post"}],"author":[{"embeddable":true,"href":"https:\/\/coro.meridianos.org\/index.php\/wp-json\/wp\/v2\/users\/7"}],"replies":[{"embeddable":true,"href":"https:\/\/coro.meridianos.org\/index.php\/wp-json\/wp\/v2\/comments?post=3624"}],"version-history":[{"count":10,"href":"https:\/\/coro.meridianos.org\/index.php\/wp-json\/wp\/v2\/posts\/3624\/revisions"}],"predecessor-version":[{"id":4555,"href":"https:\/\/coro.meridianos.org\/index.php\/wp-json\/wp\/v2\/posts\/3624\/revisions\/4555"}],"wp:featuredmedia":[{"embeddable":true,"href":"https:\/\/coro.meridianos.org\/index.php\/wp-json\/wp\/v2\/media\/3625"}],"wp:attachment":[{"href":"https:\/\/coro.meridianos.org\/index.php\/wp-json\/wp\/v2\/media?parent=3624"}],"wp:term":[{"taxonomy":"category","embeddable":true,"href":"https:\/\/coro.meridianos.org\/index.php\/wp-json\/wp\/v2\/categories?post=3624"},{"taxonomy":"post_tag","embeddable":true,"href":"https:\/\/coro.meridianos.org\/index.php\/wp-json\/wp\/v2\/tags?post=3624"}],"curies":[{"name":"wp","href":"https:\/\/api.w.org\/{rel}","templated":true}]}}