{"id":3616,"date":"2015-03-02T00:54:12","date_gmt":"2015-03-02T00:54:12","guid":{"rendered":"https:\/\/coro.meridianos.org\/?p=3616"},"modified":"2016-09-30T11:55:12","modified_gmt":"2016-09-30T11:55:12","slug":"jornada-de-formacion-en-la-sede-del-coro-meridianos","status":"publish","type":"post","link":"https:\/\/coro.meridianos.org\/index.php\/jornada-de-formacion-en-la-sede-del-coro-meridianos\/","title":{"rendered":"Jornada de formaci\u00f3n en la sede del coro Meridianos"},"content":{"rendered":"<p style=\"text-align: justify;\"><a href=\"https:\/\/coro.meridianos.org\/wp-content\/uploads\/2015\/03\/formacion.jpg\"><img loading=\"lazy\" class=\" wp-image-3607 alignleft\" src=\"https:\/\/coro.meridianos.org\/wp-content\/uploads\/2015\/03\/formacion.jpg\" alt=\"formacion\" width=\"180\" height=\"110\" \/><\/a>Los ni\u00f1os del coro Meridianos asistir\u00e1n a una jornada de formaci\u00f3n en el colegio Fray Bartolom\u00e9 de las Casas en la que recibir\u00e1n nociones de t\u00e9cnica vocal y coreograf\u00edas. Adem\u00e1s preparar\u00e1n el atrezzo que utilizar\u00e1n en el proyecto Cantania. Esta jornada ser\u00e1 similar a la que se celebr\u00f3 en el mismo colegio el pasado mes de noviembre. Despu\u00e9s del \u00e9xito de aquel encuentro, el coro repetir\u00e1 experiencia dentro de muy poco para continuar con su formaci\u00f3n musical.<\/p>\n","protected":false},"excerpt":{"rendered":"<p>Los ni\u00f1os del coro Meridianos asistir\u00e1n a una jornada de formaci\u00f3n en el colegio Fray Bartolom\u00e9 de las Casas en la que recibir\u00e1n nociones de t\u00e9cnica vocal y coreograf\u00edas. Adem\u00e1s preparar\u00e1n el atrezzo que utilizar\u00e1n en el proyecto Cantania. Esta jornada ser\u00e1 similar a la que se celebr\u00f3 en el mismo colegio el pasado mes [&hellip;]<\/p>\n","protected":false},"author":7,"featured_media":3607,"comment_status":"closed","ping_status":"closed","sticky":false,"template":"","format":"standard","meta":[],"categories":[55],"tags":[],"_links":{"self":[{"href":"https:\/\/coro.meridianos.org\/index.php\/wp-json\/wp\/v2\/posts\/3616"}],"collection":[{"href":"https:\/\/coro.meridianos.org\/index.php\/wp-json\/wp\/v2\/posts"}],"about":[{"href":"https:\/\/coro.meridianos.org\/index.php\/wp-json\/wp\/v2\/types\/post"}],"author":[{"embeddable":true,"href":"https:\/\/coro.meridianos.org\/index.php\/wp-json\/wp\/v2\/users\/7"}],"replies":[{"embeddable":true,"href":"https:\/\/coro.meridianos.org\/index.php\/wp-json\/wp\/v2\/comments?post=3616"}],"version-history":[{"count":4,"href":"https:\/\/coro.meridianos.org\/index.php\/wp-json\/wp\/v2\/posts\/3616\/revisions"}],"predecessor-version":[{"id":4617,"href":"https:\/\/coro.meridianos.org\/index.php\/wp-json\/wp\/v2\/posts\/3616\/revisions\/4617"}],"wp:featuredmedia":[{"embeddable":true,"href":"https:\/\/coro.meridianos.org\/index.php\/wp-json\/wp\/v2\/media\/3607"}],"wp:attachment":[{"href":"https:\/\/coro.meridianos.org\/index.php\/wp-json\/wp\/v2\/media?parent=3616"}],"wp:term":[{"taxonomy":"category","embeddable":true,"href":"https:\/\/coro.meridianos.org\/index.php\/wp-json\/wp\/v2\/categories?post=3616"},{"taxonomy":"post_tag","embeddable":true,"href":"https:\/\/coro.meridianos.org\/index.php\/wp-json\/wp\/v2\/tags?post=3616"}],"curies":[{"name":"wp","href":"https:\/\/api.w.org\/{rel}","templated":true}]}}