{"id":3614,"date":"2015-03-05T00:51:33","date_gmt":"2015-03-05T00:51:33","guid":{"rendered":"https:\/\/coro.meridianos.org\/?p=3614"},"modified":"2016-09-30T11:55:18","modified_gmt":"2016-09-30T11:55:18","slug":"continuan-los-ensayos-para-el-proyecto-cantania","status":"publish","type":"post","link":"https:\/\/coro.meridianos.org\/index.php\/continuan-los-ensayos-para-el-proyecto-cantania\/","title":{"rendered":"Contin\u00faan los ensayos para el proyecto Cantania"},"content":{"rendered":"<p style=\"text-align: justify;\"><a href=\"https:\/\/coro.meridianos.org\/wp-content\/uploads\/2015\/03\/cantania.jpg\"><img loading=\"lazy\" class=\" wp-image-3609 alignleft\" src=\"https:\/\/coro.meridianos.org\/wp-content\/uploads\/2015\/03\/cantania.jpg\" alt=\"cantania\" width=\"180\" height=\"110\" \/><\/a>Ya han empezado a sonar en el coro las primeras canciones del proyecto Cantania, cuyos ensayos comenzaron el mes pasado. Los ni\u00f1os del coro Meridianos est\u00e1n muy ilusionados con este proyecto y tienen muchas ganas puestas en \u00e9l. En este concierto cantar\u00e1n con otros coros de Sevilla acompa\u00f1ados de una orquesta y artistas invitados, dirigidos por un director de orquesta.<\/p>\n","protected":false},"excerpt":{"rendered":"<p>Ya han empezado a sonar en el coro las primeras canciones del proyecto Cantania, cuyos ensayos comenzaron el mes pasado. Los ni\u00f1os del coro Meridianos est\u00e1n muy ilusionados con este proyecto y tienen muchas ganas puestas en \u00e9l. En este concierto cantar\u00e1n con otros coros de Sevilla acompa\u00f1ados de una orquesta y artistas invitados, dirigidos [&hellip;]<\/p>\n","protected":false},"author":7,"featured_media":3609,"comment_status":"closed","ping_status":"closed","sticky":false,"template":"","format":"standard","meta":[],"categories":[55],"tags":[],"_links":{"self":[{"href":"https:\/\/coro.meridianos.org\/index.php\/wp-json\/wp\/v2\/posts\/3614"}],"collection":[{"href":"https:\/\/coro.meridianos.org\/index.php\/wp-json\/wp\/v2\/posts"}],"about":[{"href":"https:\/\/coro.meridianos.org\/index.php\/wp-json\/wp\/v2\/types\/post"}],"author":[{"embeddable":true,"href":"https:\/\/coro.meridianos.org\/index.php\/wp-json\/wp\/v2\/users\/7"}],"replies":[{"embeddable":true,"href":"https:\/\/coro.meridianos.org\/index.php\/wp-json\/wp\/v2\/comments?post=3614"}],"version-history":[{"count":4,"href":"https:\/\/coro.meridianos.org\/index.php\/wp-json\/wp\/v2\/posts\/3614\/revisions"}],"predecessor-version":[{"id":4618,"href":"https:\/\/coro.meridianos.org\/index.php\/wp-json\/wp\/v2\/posts\/3614\/revisions\/4618"}],"wp:featuredmedia":[{"embeddable":true,"href":"https:\/\/coro.meridianos.org\/index.php\/wp-json\/wp\/v2\/media\/3609"}],"wp:attachment":[{"href":"https:\/\/coro.meridianos.org\/index.php\/wp-json\/wp\/v2\/media?parent=3614"}],"wp:term":[{"taxonomy":"category","embeddable":true,"href":"https:\/\/coro.meridianos.org\/index.php\/wp-json\/wp\/v2\/categories?post=3614"},{"taxonomy":"post_tag","embeddable":true,"href":"https:\/\/coro.meridianos.org\/index.php\/wp-json\/wp\/v2\/tags?post=3614"}],"curies":[{"name":"wp","href":"https:\/\/api.w.org\/{rel}","templated":true}]}}