{"id":3610,"date":"2015-03-02T00:47:19","date_gmt":"2015-03-02T00:47:19","guid":{"rendered":"https:\/\/coro.meridianos.org\/?p=3610"},"modified":"2016-09-30T11:40:33","modified_gmt":"2016-09-30T11:40:33","slug":"el-coro-meridianos-prepara-un-nuevo-repertorio","status":"publish","type":"post","link":"https:\/\/coro.meridianos.org\/index.php\/el-coro-meridianos-prepara-un-nuevo-repertorio\/","title":{"rendered":"El coro Meridianos prepara un nuevo repertorio"},"content":{"rendered":"<p style=\"text-align: justify;\"><a href=\"https:\/\/coro.meridianos.org\/wp-content\/uploads\/2015\/03\/ensayo.jpg\"><img loading=\"lazy\" class=\" wp-image-3608 alignleft\" src=\"https:\/\/coro.meridianos.org\/wp-content\/uploads\/2015\/03\/ensayo.jpg\" alt=\"ensayo\" width=\"180\" height=\"110\" \/><\/a>El coro Meridianos se encuentra inmerso en los ensayos del nuevo repertorio para los pr\u00f3ximos conciertos. Dicho repertorio incluye obras internacionales y nacionales a varias voces, que ir\u00e1n acompa\u00f1adas por diverdidas coreograf\u00edas.<\/p>\n","protected":false},"excerpt":{"rendered":"<p>El coro Meridianos se encuentra inmerso en los ensayos del nuevo repertorio para los pr\u00f3ximos conciertos. Dicho repertorio incluye obras internacionales y nacionales a varias voces, que ir\u00e1n acompa\u00f1adas por diverdidas coreograf\u00edas.<\/p>\n","protected":false},"author":7,"featured_media":3608,"comment_status":"closed","ping_status":"closed","sticky":false,"template":"","format":"standard","meta":[],"categories":[52],"tags":[],"_links":{"self":[{"href":"https:\/\/coro.meridianos.org\/index.php\/wp-json\/wp\/v2\/posts\/3610"}],"collection":[{"href":"https:\/\/coro.meridianos.org\/index.php\/wp-json\/wp\/v2\/posts"}],"about":[{"href":"https:\/\/coro.meridianos.org\/index.php\/wp-json\/wp\/v2\/types\/post"}],"author":[{"embeddable":true,"href":"https:\/\/coro.meridianos.org\/index.php\/wp-json\/wp\/v2\/users\/7"}],"replies":[{"embeddable":true,"href":"https:\/\/coro.meridianos.org\/index.php\/wp-json\/wp\/v2\/comments?post=3610"}],"version-history":[{"count":5,"href":"https:\/\/coro.meridianos.org\/index.php\/wp-json\/wp\/v2\/posts\/3610\/revisions"}],"predecessor-version":[{"id":4573,"href":"https:\/\/coro.meridianos.org\/index.php\/wp-json\/wp\/v2\/posts\/3610\/revisions\/4573"}],"wp:featuredmedia":[{"embeddable":true,"href":"https:\/\/coro.meridianos.org\/index.php\/wp-json\/wp\/v2\/media\/3608"}],"wp:attachment":[{"href":"https:\/\/coro.meridianos.org\/index.php\/wp-json\/wp\/v2\/media?parent=3610"}],"wp:term":[{"taxonomy":"category","embeddable":true,"href":"https:\/\/coro.meridianos.org\/index.php\/wp-json\/wp\/v2\/categories?post=3610"},{"taxonomy":"post_tag","embeddable":true,"href":"https:\/\/coro.meridianos.org\/index.php\/wp-json\/wp\/v2\/tags?post=3610"}],"curies":[{"name":"wp","href":"https:\/\/api.w.org\/{rel}","templated":true}]}}