{"id":3595,"date":"2015-02-11T17:35:49","date_gmt":"2015-02-11T17:35:49","guid":{"rendered":"https:\/\/coro.meridianos.org\/?p=3595"},"modified":"2016-09-30T11:40:18","modified_gmt":"2016-09-30T11:40:18","slug":"agenda-musical-de-febrero-en-sevilla","status":"publish","type":"post","link":"https:\/\/coro.meridianos.org\/index.php\/agenda-musical-de-febrero-en-sevilla\/","title":{"rendered":"Agenda musical de febrero en Sevilla"},"content":{"rendered":"<p><a href=\"https:\/\/coro.meridianos.org\/wp-content\/uploads\/2015\/01\/norma1.jpg\"><img loading=\"lazy\" class=\"aligncenter size-full wp-image-3575\" src=\"https:\/\/coro.meridianos.org\/wp-content\/uploads\/2015\/01\/norma1.jpg\" alt=\"norma1\" width=\"600\" height=\"175\" srcset=\"https:\/\/coro.meridianos.org\/wp-content\/uploads\/2015\/01\/norma1.jpg 600w, https:\/\/coro.meridianos.org\/wp-content\/uploads\/2015\/01\/norma1-300x87.jpg 300w\" sizes=\"(max-width: 600px) 100vw, 600px\" \/><\/a><\/p>\n<p style=\"text-align: justify;\"><strong>Este mes de febrero se caracteriza por la variedad de estilos musicales. \u00d3pera, jazz, barroco y romances son algunos de los g\u00e9neros musicales que sonar\u00e1n durante el segundo mes del a\u00f1o en Sevilla.<\/strong><\/p>\n<h3 style=\"text-align: justify;\">Fundaci\u00f3n Tierra de hombres<\/h3>\n<p style=\"text-align: justify;\">Tras ser nombrada <i>Embajadora de la Fundaci\u00f3n Tierra de hombres<\/i> con la misi\u00f3n de divulgar la labor que la fundaci\u00f3n lleva a cabo por la infancia m\u00e1s necesitada en los pa\u00edses del sur, la soprano Pilar Jurado ofrece un concierto en el <a title=\"Teatro de la Maestranza\" href=\"https:\/\/www.teatrodelamaestranza.es\/secciones\/prog\/prog_ficha.php?id=715\" target=\"_blank\">Teatro de la Maestranza de Sevilla<\/a> a beneficio de la Fundaci\u00f3n Tierra de hombres acompa\u00f1ada por la Orquesta B\u00e9tica de C\u00e1mara. Ser\u00e1 el pr\u00f3ximo jueves 5 de febrero a las 20:30 horas.<\/p>\n<h3 style=\"text-align: justify;\">Mike Fletcher Trio<\/h3>\n<p style=\"text-align: justify;\">El martes 10 de febrero a las 21 horas, el Centro Andaluz de Arte Contempor\u00e1neo, ubicado en el monasterio de la Cartuja, sonar\u00e1 al ritmo del jazz de<a title=\"Mike Fletcher Trio\" href=\"http:\/\/www.assejazz.com\/?q=node\/202\" target=\"_blank\"> Mike Fletcher Trio<\/a>. Este conjunto, compuesto por Mike al saxo y la flauta, Olie Brice al contrabajo y Jeff Williams a la bater\u00eda, basa sus ideas en las ra\u00edces m\u00e1s tradicionales del jazz, cuya parte improvisada integra un enfoque contempor\u00e1neo. La melod\u00eda es la base sobre la cual este conjunto desarrolla una obra \u00fanica para cada concierto.<\/p>\n<h3 style=\"text-align: justify;\">Entre Oriente y Occidente<\/h3>\n<p style=\"text-align: justify;\">Un a\u00f1o m\u00e1s llega la Muestra de M\u00fasica Antigua de la Universidad de Sevilla, el <a title=\"Muestra de M\u00fasica Antigua de la Universidad de Sevilla\" href=\"http:\/\/onsevilla.com\/2015\/01\/muestra-musica-antigua-universidad-sevilla-maus-2015.html\" target=\"_blank\">MAUS<\/a>, que suma ya la octava edici\u00f3n de esta muestra. Mantiene su formato habitual de tres conciertos que ser\u00e1n los viernes 6, 13 y 20 de febrero en la capilla de la Universidad de Sevilla a las 21 horas. Un repertorio que traslada al espectador a diferentes \u00e9pocas y lugares, desde cantigas de Alfonso X el Sabio y canciones de bodas sefard\u00edes hasta Jimi Hendrix, pasando por el ideario po\u00e9tico-musical del famoso periodista y aventurero Washington Irving.<\/p>\n<h3 style=\"text-align: justify;\">Norma<\/h3>\n<p style=\"text-align: justify;\">Entre el 6 y el 14 de febrero, el <a title=\"Teatro de la Maestranza\" href=\"https:\/\/www.teatrodelamaestranza.es\/programacion\/184_NORMA.html\" target=\"_blank\">Teatro de la Maestranza de Sevilla<\/a> ser\u00e1 escenario de uno de los grandes dramas rom\u00e1nticos <i>belcantistas, <\/i>Norma, una \u00f3pera de Vincenzo Bellini. Un drama ambientado en el siglo I a. C. que gira en torno al amor que siente la sacerdotisa Norma por Poli\u00f3n, y donde este amor se enfrenta al deber y la venganza envueltos en la m\u00fasica y la l\u00edrica de Bellini.<\/p>\n<h3 style=\"text-align: justify;\">The Jazz Lab<\/h3>\n<p style=\"text-align: justify;\">El jazz vuelve este mes al Centro Andaluz de Arte Contempor\u00e1neo, ser\u00e1 el martes 17 de febrero a las 21 horas y de la mano de <a title=\"The Jazz Lab\" href=\"http:\/\/www.assejazz.com\/?q=node\/204\" target=\"_blank\">The Jazz Lab<\/a>. El grupo compuesto por To\u00f1o Contreras, Jaime Serradilla y Nacho Megina ofrece un concierto que sumergir\u00e1 al espectador en experimentos de laboratorio jazz\u00edstico en torno a composiciones originales y standards bien conocidos.<\/p>\n<p style=\"text-align: justify;\">\n","protected":false},"excerpt":{"rendered":"<p>Este mes de febrero se caracteriza por la variedad de estilos musicales. \u00d3pera, jazz, barroco y romances son algunos de los g\u00e9neros musicales que sonar\u00e1n durante el segundo mes del a\u00f1o en Sevilla. Fundaci\u00f3n Tierra de hombres Tras ser nombrada Embajadora de la Fundaci\u00f3n Tierra de hombres con la misi\u00f3n de divulgar la labor que [&hellip;]<\/p>\n","protected":false},"author":7,"featured_media":3597,"comment_status":"closed","ping_status":"closed","sticky":false,"template":"","format":"standard","meta":[],"categories":[52,1],"tags":[76,83,92,94,69,64,116],"_links":{"self":[{"href":"https:\/\/coro.meridianos.org\/index.php\/wp-json\/wp\/v2\/posts\/3595"}],"collection":[{"href":"https:\/\/coro.meridianos.org\/index.php\/wp-json\/wp\/v2\/posts"}],"about":[{"href":"https:\/\/coro.meridianos.org\/index.php\/wp-json\/wp\/v2\/types\/post"}],"author":[{"embeddable":true,"href":"https:\/\/coro.meridianos.org\/index.php\/wp-json\/wp\/v2\/users\/7"}],"replies":[{"embeddable":true,"href":"https:\/\/coro.meridianos.org\/index.php\/wp-json\/wp\/v2\/comments?post=3595"}],"version-history":[{"count":4,"href":"https:\/\/coro.meridianos.org\/index.php\/wp-json\/wp\/v2\/posts\/3595\/revisions"}],"predecessor-version":[{"id":4572,"href":"https:\/\/coro.meridianos.org\/index.php\/wp-json\/wp\/v2\/posts\/3595\/revisions\/4572"}],"wp:featuredmedia":[{"embeddable":true,"href":"https:\/\/coro.meridianos.org\/index.php\/wp-json\/wp\/v2\/media\/3597"}],"wp:attachment":[{"href":"https:\/\/coro.meridianos.org\/index.php\/wp-json\/wp\/v2\/media?parent=3595"}],"wp:term":[{"taxonomy":"category","embeddable":true,"href":"https:\/\/coro.meridianos.org\/index.php\/wp-json\/wp\/v2\/categories?post=3595"},{"taxonomy":"post_tag","embeddable":true,"href":"https:\/\/coro.meridianos.org\/index.php\/wp-json\/wp\/v2\/tags?post=3595"}],"curies":[{"name":"wp","href":"https:\/\/api.w.org\/{rel}","templated":true}]}}