{"id":3589,"date":"2015-01-28T19:35:00","date_gmt":"2015-01-28T19:35:00","guid":{"rendered":"https:\/\/coro.meridianos.org\/?p=3589"},"modified":"2016-09-30T11:54:53","modified_gmt":"2016-09-30T11:54:53","slug":"el-coro-meridianos-participara-en-el-proyecto-cantania","status":"publish","type":"post","link":"https:\/\/coro.meridianos.org\/index.php\/el-coro-meridianos-participara-en-el-proyecto-cantania\/","title":{"rendered":"El coro Meridianos participar\u00e1 en el proyecto Cantania"},"content":{"rendered":"<p style=\"text-align: justify;\"><a href=\"https:\/\/coro.meridianos.org\/wp-content\/uploads\/2015\/01\/cantania.jpg\"><img loading=\"lazy\" class=\"wp-image-3577 alignright\" src=\"https:\/\/coro.meridianos.org\/wp-content\/uploads\/2015\/01\/cantania.jpg\" alt=\"cantania\" width=\"180\" height=\"110\" \/><\/a>El coro Meridianos se encuentra inmerso en los ensayos de preparaci\u00f3n para participar en el proyecto Cantania el pr\u00f3ximo mes de mayo. Este proyecto re\u00fane a varios coros de Andaluc\u00eda para cantar todos juntos un programa musical acompa\u00f1ado de coreograf\u00edas que preparan durante varios meses. Los ni\u00f1os cantar\u00e1n en un gran espect\u00e1culo junto con una orquesta, actores y cantantes l\u00edricos.<\/p>\n<p>&nbsp;<\/p>\n<div><\/div>\n","protected":false},"excerpt":{"rendered":"<p>El coro Meridianos se encuentra inmerso en los ensayos de preparaci\u00f3n para participar en el proyecto Cantania el pr\u00f3ximo mes de mayo. Este proyecto re\u00fane a varios coros de Andaluc\u00eda para cantar todos juntos un programa musical acompa\u00f1ado de coreograf\u00edas que preparan durante varios meses. Los ni\u00f1os cantar\u00e1n en un gran espect\u00e1culo junto con una [&hellip;]<\/p>\n","protected":false},"author":7,"featured_media":3577,"comment_status":"closed","ping_status":"closed","sticky":false,"template":"","format":"standard","meta":[],"categories":[55],"tags":[],"_links":{"self":[{"href":"https:\/\/coro.meridianos.org\/index.php\/wp-json\/wp\/v2\/posts\/3589"}],"collection":[{"href":"https:\/\/coro.meridianos.org\/index.php\/wp-json\/wp\/v2\/posts"}],"about":[{"href":"https:\/\/coro.meridianos.org\/index.php\/wp-json\/wp\/v2\/types\/post"}],"author":[{"embeddable":true,"href":"https:\/\/coro.meridianos.org\/index.php\/wp-json\/wp\/v2\/users\/7"}],"replies":[{"embeddable":true,"href":"https:\/\/coro.meridianos.org\/index.php\/wp-json\/wp\/v2\/comments?post=3589"}],"version-history":[{"count":4,"href":"https:\/\/coro.meridianos.org\/index.php\/wp-json\/wp\/v2\/posts\/3589\/revisions"}],"predecessor-version":[{"id":4616,"href":"https:\/\/coro.meridianos.org\/index.php\/wp-json\/wp\/v2\/posts\/3589\/revisions\/4616"}],"wp:featuredmedia":[{"embeddable":true,"href":"https:\/\/coro.meridianos.org\/index.php\/wp-json\/wp\/v2\/media\/3577"}],"wp:attachment":[{"href":"https:\/\/coro.meridianos.org\/index.php\/wp-json\/wp\/v2\/media?parent=3589"}],"wp:term":[{"taxonomy":"category","embeddable":true,"href":"https:\/\/coro.meridianos.org\/index.php\/wp-json\/wp\/v2\/categories?post=3589"},{"taxonomy":"post_tag","embeddable":true,"href":"https:\/\/coro.meridianos.org\/index.php\/wp-json\/wp\/v2\/tags?post=3589"}],"curies":[{"name":"wp","href":"https:\/\/api.w.org\/{rel}","templated":true}]}}