{"id":3585,"date":"2015-01-28T19:29:25","date_gmt":"2015-01-28T19:29:25","guid":{"rendered":"https:\/\/coro.meridianos.org\/?p=3585"},"modified":"2016-09-30T11:54:47","modified_gmt":"2016-09-30T11:54:47","slug":"concierto-del-coro-meridianos-en-la-oliva","status":"publish","type":"post","link":"https:\/\/coro.meridianos.org\/index.php\/concierto-del-coro-meridianos-en-la-oliva\/","title":{"rendered":"Concierto del coro Meridianos en La Oliva"},"content":{"rendered":"<p style=\"text-align: justify;\"><a href=\"https:\/\/coro.meridianos.org\/wp-content\/uploads\/2015\/01\/conciertolaoliva.jpg\"><img loading=\"lazy\" class=\"size-thumbnail wp-image-3586 alignright\" src=\"https:\/\/coro.meridianos.org\/wp-content\/uploads\/2015\/01\/conciertolaoliva-150x150.jpg\" alt=\"conciertolaoliva\" width=\"150\" height=\"150\" \/><\/a>El coro Meridianos termin\u00f3 su ciclo de conciertos de Navidad el pasado 9 de enero en la Asociaci\u00f3n de Mayores Ntra. Sra. de la Oliva. Un concierto en el que los socios de esta asociaci\u00f3n pudieron disfrutar del repertorio navide\u00f1o y las coreograf\u00edas preparadas para la ocasi\u00f3n, y con el que culminan los conciertos de Navidad. Tras las vacaciones navide\u00f1as el coro ha empezado a ensayar un nuevo repertorio con el que sorprender\u00e1 al p\u00fablico en pr\u00f3ximos conciertos.<\/p>\n","protected":false},"excerpt":{"rendered":"<p>El coro Meridianos termin\u00f3 su ciclo de conciertos de Navidad el pasado 9 de enero en la Asociaci\u00f3n de Mayores Ntra. Sra. de la Oliva. Un concierto en el que los socios de esta asociaci\u00f3n pudieron disfrutar del repertorio navide\u00f1o y las coreograf\u00edas preparadas para la ocasi\u00f3n, y con el que culminan los conciertos de [&hellip;]<\/p>\n","protected":false},"author":7,"featured_media":3586,"comment_status":"closed","ping_status":"closed","sticky":false,"template":"","format":"standard","meta":[],"categories":[55],"tags":[],"_links":{"self":[{"href":"https:\/\/coro.meridianos.org\/index.php\/wp-json\/wp\/v2\/posts\/3585"}],"collection":[{"href":"https:\/\/coro.meridianos.org\/index.php\/wp-json\/wp\/v2\/posts"}],"about":[{"href":"https:\/\/coro.meridianos.org\/index.php\/wp-json\/wp\/v2\/types\/post"}],"author":[{"embeddable":true,"href":"https:\/\/coro.meridianos.org\/index.php\/wp-json\/wp\/v2\/users\/7"}],"replies":[{"embeddable":true,"href":"https:\/\/coro.meridianos.org\/index.php\/wp-json\/wp\/v2\/comments?post=3585"}],"version-history":[{"count":3,"href":"https:\/\/coro.meridianos.org\/index.php\/wp-json\/wp\/v2\/posts\/3585\/revisions"}],"predecessor-version":[{"id":4615,"href":"https:\/\/coro.meridianos.org\/index.php\/wp-json\/wp\/v2\/posts\/3585\/revisions\/4615"}],"wp:featuredmedia":[{"embeddable":true,"href":"https:\/\/coro.meridianos.org\/index.php\/wp-json\/wp\/v2\/media\/3586"}],"wp:attachment":[{"href":"https:\/\/coro.meridianos.org\/index.php\/wp-json\/wp\/v2\/media?parent=3585"}],"wp:term":[{"taxonomy":"category","embeddable":true,"href":"https:\/\/coro.meridianos.org\/index.php\/wp-json\/wp\/v2\/categories?post=3585"},{"taxonomy":"post_tag","embeddable":true,"href":"https:\/\/coro.meridianos.org\/index.php\/wp-json\/wp\/v2\/tags?post=3585"}],"curies":[{"name":"wp","href":"https:\/\/api.w.org\/{rel}","templated":true}]}}