{"id":3579,"date":"2015-01-28T19:07:41","date_gmt":"2015-01-28T19:07:41","guid":{"rendered":"https:\/\/coro.meridianos.org\/?p=3579"},"modified":"2016-09-30T11:54:41","modified_gmt":"2016-09-30T11:54:41","slug":"continuan-las-pruebas-de-acceso-al-coro-meridianos","status":"publish","type":"post","link":"https:\/\/coro.meridianos.org\/index.php\/continuan-las-pruebas-de-acceso-al-coro-meridianos\/","title":{"rendered":"Contin\u00faan las pruebas de acceso al coro Meridianos"},"content":{"rendered":"<p style=\"text-align: justify;\"><a href=\"https:\/\/coro.meridianos.org\/wp-content\/uploads\/2014\/12\/DSC_0516.jpg\"><img loading=\"lazy\" class=\"size-thumbnail wp-image-3430 alignright\" src=\"https:\/\/coro.meridianos.org\/wp-content\/uploads\/2014\/12\/DSC_0516-150x150.jpg\" alt=\"DSC_0516\" width=\"150\" height=\"150\" \/><\/a>Durante el pasado mes de enero dio comienzo el periodo de audiciones de acceso al coro Meridianos. Estas audiciones se realizan en los colegios del Pol\u00edgono Sur y en la sede del coro los lunes y viernes de 17:15 a 18:30 horas. La sede del coro est\u00e1 ubicada en el colegio p\u00fablico Fray Bartolom\u00e9 de las Casas (Segunda Ronda Nuestra Se\u00f1ora de la Oliva, s\/n) La audici\u00f3n consiste en una prueba de entonaci\u00f3n y otra de ritmo, para evaluar si el ni\u00f1o posee las cualidades musicales necesarias para formar parte del coro Meridianos.<\/p>\n","protected":false},"excerpt":{"rendered":"<p>Durante el pasado mes de enero dio comienzo el periodo de audiciones de acceso al coro Meridianos. Estas audiciones se realizan en los colegios del Pol\u00edgono Sur y en la sede del coro los lunes y viernes de 17:15 a 18:30 horas. La sede del coro est\u00e1 ubicada en el colegio p\u00fablico Fray Bartolom\u00e9 de [&hellip;]<\/p>\n","protected":false},"author":7,"featured_media":3584,"comment_status":"closed","ping_status":"closed","sticky":false,"template":"","format":"standard","meta":[],"categories":[55],"tags":[],"_links":{"self":[{"href":"https:\/\/coro.meridianos.org\/index.php\/wp-json\/wp\/v2\/posts\/3579"}],"collection":[{"href":"https:\/\/coro.meridianos.org\/index.php\/wp-json\/wp\/v2\/posts"}],"about":[{"href":"https:\/\/coro.meridianos.org\/index.php\/wp-json\/wp\/v2\/types\/post"}],"author":[{"embeddable":true,"href":"https:\/\/coro.meridianos.org\/index.php\/wp-json\/wp\/v2\/users\/7"}],"replies":[{"embeddable":true,"href":"https:\/\/coro.meridianos.org\/index.php\/wp-json\/wp\/v2\/comments?post=3579"}],"version-history":[{"count":4,"href":"https:\/\/coro.meridianos.org\/index.php\/wp-json\/wp\/v2\/posts\/3579\/revisions"}],"predecessor-version":[{"id":4614,"href":"https:\/\/coro.meridianos.org\/index.php\/wp-json\/wp\/v2\/posts\/3579\/revisions\/4614"}],"wp:featuredmedia":[{"embeddable":true,"href":"https:\/\/coro.meridianos.org\/index.php\/wp-json\/wp\/v2\/media\/3584"}],"wp:attachment":[{"href":"https:\/\/coro.meridianos.org\/index.php\/wp-json\/wp\/v2\/media?parent=3579"}],"wp:term":[{"taxonomy":"category","embeddable":true,"href":"https:\/\/coro.meridianos.org\/index.php\/wp-json\/wp\/v2\/categories?post=3579"},{"taxonomy":"post_tag","embeddable":true,"href":"https:\/\/coro.meridianos.org\/index.php\/wp-json\/wp\/v2\/tags?post=3579"}],"curies":[{"name":"wp","href":"https:\/\/api.w.org\/{rel}","templated":true}]}}