{"id":3441,"date":"2014-12-26T11:54:43","date_gmt":"2014-12-26T11:54:43","guid":{"rendered":"https:\/\/coro.meridianos.org\/?p=3441"},"modified":"2016-09-30T11:40:06","modified_gmt":"2016-09-30T11:40:06","slug":"exito-del-coro-en-los-conciertos-de-navidad","status":"publish","type":"post","link":"https:\/\/coro.meridianos.org\/index.php\/exito-del-coro-en-los-conciertos-de-navidad\/","title":{"rendered":"\u00c9xito del coro en los conciertos de Navidad"},"content":{"rendered":"<p style=\"text-align: justify;\"><a href=\"https:\/\/coro.meridianos.org\/wp-content\/uploads\/2014\/12\/DSC_0231.jpg\"><img loading=\"lazy\" class=\"aligncenter size-full wp-image-3496\" src=\"https:\/\/coro.meridianos.org\/wp-content\/uploads\/2014\/12\/DSC_0231.jpg\" alt=\"DSC_0231\" width=\"4928\" height=\"3264\" srcset=\"https:\/\/coro.meridianos.org\/wp-content\/uploads\/2014\/12\/DSC_0231.jpg 4928w, https:\/\/coro.meridianos.org\/wp-content\/uploads\/2014\/12\/DSC_0231-300x198.jpg 300w, https:\/\/coro.meridianos.org\/wp-content\/uploads\/2014\/12\/DSC_0231-1024x678.jpg 1024w\" sizes=\"(max-width: 4928px) 100vw, 4928px\" \/><\/a>El coro Meridianos se llev\u00f3 el gran aplauso del p\u00fablico en los tres conciertos de Navidad que ofreci\u00f3 los d\u00edas 16, 18 y 19 de diciembre en el Pol\u00edgono Sur y en el centro de Sevilla.<\/p>\n<p style=\"text-align: justify;\">El primero de los conciertos fue el 16 de diciembre en la parroquia Nuestra Se\u00f1ora de la Oliva, el segundo fue el 18 de diciembre en el sal\u00f3n de actos Don Bosco de la parroquia de Jes\u00fas Obrero, con motivo de la presentaci\u00f3n de la radio de la Asociaci\u00f3n Entre Amigos, Radio Abierta. Por \u00faltimo, el coro actu\u00f3 el 19 de diciembre en el convento de San Leandro, en el centro. Con un repertorio navide\u00f1o de una hora de duraci\u00f3n, mezclando los villancicos populares de siempre con canciones navide\u00f1as compuestas por el director del coro, Rafael Vega, y acompa\u00f1ados por el pianista Emilio Bautista y el cuarteto de cuerda de la Compa\u00f1\u00eda Sevillana de Zarzuela, los ni\u00f1os del coro Meridianos deleitaron a un p\u00fablico que disfrut\u00f3 de la m\u00fasica, de la armon\u00eda creada con las voces blancas de los integrantes del coro, y tambi\u00e9n se divirti\u00f3 con las coreograf\u00edas y la puesta en escena preparadas para estos conciertos de Navidad.<\/p>\n","protected":false},"excerpt":{"rendered":"<p>El coro Meridianos se llev\u00f3 el gran aplauso del p\u00fablico en los tres conciertos de Navidad que ofreci\u00f3 los d\u00edas 16, 18 y 19 de diciembre en el Pol\u00edgono Sur y en el centro de Sevilla. El primero de los conciertos fue el 16 de diciembre en la parroquia Nuestra Se\u00f1ora de la Oliva, el [&hellip;]<\/p>\n","protected":false},"author":7,"featured_media":3544,"comment_status":"closed","ping_status":"closed","sticky":false,"template":"","format":"standard","meta":[],"categories":[52,1],"tags":[],"_links":{"self":[{"href":"https:\/\/coro.meridianos.org\/index.php\/wp-json\/wp\/v2\/posts\/3441"}],"collection":[{"href":"https:\/\/coro.meridianos.org\/index.php\/wp-json\/wp\/v2\/posts"}],"about":[{"href":"https:\/\/coro.meridianos.org\/index.php\/wp-json\/wp\/v2\/types\/post"}],"author":[{"embeddable":true,"href":"https:\/\/coro.meridianos.org\/index.php\/wp-json\/wp\/v2\/users\/7"}],"replies":[{"embeddable":true,"href":"https:\/\/coro.meridianos.org\/index.php\/wp-json\/wp\/v2\/comments?post=3441"}],"version-history":[{"count":9,"href":"https:\/\/coro.meridianos.org\/index.php\/wp-json\/wp\/v2\/posts\/3441\/revisions"}],"predecessor-version":[{"id":4571,"href":"https:\/\/coro.meridianos.org\/index.php\/wp-json\/wp\/v2\/posts\/3441\/revisions\/4571"}],"wp:featuredmedia":[{"embeddable":true,"href":"https:\/\/coro.meridianos.org\/index.php\/wp-json\/wp\/v2\/media\/3544"}],"wp:attachment":[{"href":"https:\/\/coro.meridianos.org\/index.php\/wp-json\/wp\/v2\/media?parent=3441"}],"wp:term":[{"taxonomy":"category","embeddable":true,"href":"https:\/\/coro.meridianos.org\/index.php\/wp-json\/wp\/v2\/categories?post=3441"},{"taxonomy":"post_tag","embeddable":true,"href":"https:\/\/coro.meridianos.org\/index.php\/wp-json\/wp\/v2\/tags?post=3441"}],"curies":[{"name":"wp","href":"https:\/\/api.w.org\/{rel}","templated":true}]}}