{"id":3436,"date":"2014-12-26T11:47:23","date_gmt":"2014-12-26T11:47:23","guid":{"rendered":"https:\/\/coro.meridianos.org\/?p=3436"},"modified":"2016-09-30T11:39:53","modified_gmt":"2016-09-30T11:39:53","slug":"concierto-del-coro-meridianos-en-el-poligono-sur","status":"publish","type":"post","link":"https:\/\/coro.meridianos.org\/index.php\/concierto-del-coro-meridianos-en-el-poligono-sur\/","title":{"rendered":"Concierto del coro Meridianos en el Pol\u00edgono Sur"},"content":{"rendered":"<p><a href=\"https:\/\/coro.meridianos.org\/wp-content\/uploads\/2014\/12\/destacadapruebas.jpg\"><img loading=\"lazy\" class=\"size-thumbnail wp-image-3546 alignright\" src=\"https:\/\/coro.meridianos.org\/wp-content\/uploads\/2014\/12\/destacadapruebas-150x150.jpg\" alt=\"destacadapruebas\" width=\"150\" height=\"150\" \/><\/a>El pr\u00f3ximo 9 de enero a las 18:15 tendr\u00e1 lugar el primer concierto del a\u00f1o del coro Meridianos. Ser\u00e1 en la Asociaci\u00f3n de Mayores Nuestra Se\u00f1ora de la Oliva, en el Pol\u00edgono Sur.<\/p>\n","protected":false},"excerpt":{"rendered":"<p>El pr\u00f3ximo 9 de enero a las 18:15 tendr\u00e1 lugar el primer concierto del a\u00f1o del coro Meridianos. Ser\u00e1 en la Asociaci\u00f3n de Mayores Nuestra Se\u00f1ora de la Oliva, en el Pol\u00edgono Sur.<\/p>\n","protected":false},"author":7,"featured_media":3546,"comment_status":"closed","ping_status":"closed","sticky":false,"template":"","format":"standard","meta":[],"categories":[52,1],"tags":[],"_links":{"self":[{"href":"https:\/\/coro.meridianos.org\/index.php\/wp-json\/wp\/v2\/posts\/3436"}],"collection":[{"href":"https:\/\/coro.meridianos.org\/index.php\/wp-json\/wp\/v2\/posts"}],"about":[{"href":"https:\/\/coro.meridianos.org\/index.php\/wp-json\/wp\/v2\/types\/post"}],"author":[{"embeddable":true,"href":"https:\/\/coro.meridianos.org\/index.php\/wp-json\/wp\/v2\/users\/7"}],"replies":[{"embeddable":true,"href":"https:\/\/coro.meridianos.org\/index.php\/wp-json\/wp\/v2\/comments?post=3436"}],"version-history":[{"count":8,"href":"https:\/\/coro.meridianos.org\/index.php\/wp-json\/wp\/v2\/posts\/3436\/revisions"}],"predecessor-version":[{"id":4570,"href":"https:\/\/coro.meridianos.org\/index.php\/wp-json\/wp\/v2\/posts\/3436\/revisions\/4570"}],"wp:featuredmedia":[{"embeddable":true,"href":"https:\/\/coro.meridianos.org\/index.php\/wp-json\/wp\/v2\/media\/3546"}],"wp:attachment":[{"href":"https:\/\/coro.meridianos.org\/index.php\/wp-json\/wp\/v2\/media?parent=3436"}],"wp:term":[{"taxonomy":"category","embeddable":true,"href":"https:\/\/coro.meridianos.org\/index.php\/wp-json\/wp\/v2\/categories?post=3436"},{"taxonomy":"post_tag","embeddable":true,"href":"https:\/\/coro.meridianos.org\/index.php\/wp-json\/wp\/v2\/tags?post=3436"}],"curies":[{"name":"wp","href":"https:\/\/api.w.org\/{rel}","templated":true}]}}