{"id":3414,"date":"2014-12-23T13:15:38","date_gmt":"2014-12-23T13:15:38","guid":{"rendered":"https:\/\/coro.meridianos.org\/?p=3414"},"modified":"2016-09-30T11:39:28","modified_gmt":"2016-09-30T11:39:28","slug":"agenda-musical-de-enero-en-sevilla","status":"publish","type":"post","link":"https:\/\/coro.meridianos.org\/index.php\/agenda-musical-de-enero-en-sevilla\/","title":{"rendered":"Agenda musical de enero en Sevilla"},"content":{"rendered":"<p style=\"text-align: justify;\"><strong><a href=\"https:\/\/coro.meridianos.org\/wp-content\/uploads\/2014\/12\/Abdullah-IbrahimBIGagenda.jpg\"><img loading=\"lazy\" class=\"aligncenter size-full wp-image-3510\" src=\"https:\/\/coro.meridianos.org\/wp-content\/uploads\/2014\/12\/Abdullah-IbrahimBIGagenda.jpg\" alt=\"Abdullah-IbrahimBIGagenda\" width=\"675\" height=\"245\" srcset=\"https:\/\/coro.meridianos.org\/wp-content\/uploads\/2014\/12\/Abdullah-IbrahimBIGagenda.jpg 675w, https:\/\/coro.meridianos.org\/wp-content\/uploads\/2014\/12\/Abdullah-IbrahimBIGagenda-300x108.jpg 300w\" sizes=\"(max-width: 675px) 100vw, 675px\" \/><\/a>Conciertos de A\u00f1o Nuevo, orquestas y jazz. Desde el primer d\u00eda del a\u00f1o la m\u00fasica se hace presente en la ciudad de Sevilla.<\/strong><\/p>\n<h3 style=\"text-align: justify;\">Gran concierto de A\u00f1o Nuevo en FIBES<\/h3>\n<p style=\"text-align: justify;\">The Original Johann Strauss Orchestra actuar\u00e1 en FIBES el 1 de enero bajo la batuta de Svilen Simeonov para el <a title=\"Gran Concierto de A\u00f1o Nuevo en FIBES\" href=\"http:\/\/www.fibes.es\/events\/gran-concierto-de-ano-nuevo\/\" target=\"_blank\">\u201cGran concierto de A\u00f1o Nuevo\u201d<\/a> El programa incluye valses, marchas y polcas de Johann Strauss como <i>El Danubio azul, El vals del emperador<\/i> o la <i>Marcha Radetzky.<\/i> Adem\u00e1s, estar\u00e1n acompa\u00f1ados por el ballet del Strauss Festival Dance Ensemble.<\/p>\n<h3 style=\"text-align: justify;\">Concierto de A\u00f1o Nuevo de la ROSS<\/h3>\n<p style=\"text-align: justify;\">El Teatro de la Maestranza comienza el a\u00f1o con su <a title=\"Concierto de A\u00f1o Nuevo en el Teatro de la Maestranza\" href=\"http:\/\/rossevilla.es\/concierto-de-ano-nuevo-2\/\" target=\"_blank\">Concierto de A\u00f1o Nuevo<\/a> interpretado por la Real Orquesta Sinf\u00f3nica de Sevilla, dirigida por Andr\u00e9s Salado. Ser\u00e1 el pr\u00f3ximo 3 de enero y contar\u00e1 con Raquel Lojendio como soprano solista. El programa incluye obras de Chap\u00ed, Luna, Marquina, \u00c1lvarez, Chueca, Gim\u00e9nez, Strauss y Puccini. Un repertorio de alto nivel para dar la bienvenida al a\u00f1o 2015.<\/p>\n<h3 style=\"text-align: justify;\">Romanticismo en Cajasol<\/h3>\n<p style=\"text-align: justify;\">El pr\u00f3ximo 17 de enero, la <a title=\"Web de la Orquesta B\u00e9tica de C\u00e1mara\" href=\"http:\/\/www.orquestabeticadecamara.com\/actividades.html\" target=\"_blank\">Orquesta B\u00e9tica de C\u00e1mara<\/a> ofrece un concierto en la Sala Joaqu\u00edn Turina del Centro Cultural Cajasol, dentro de su ciclo de conciertos de esta temporada. Dirigidos por Michael Thomas y con Antonio Salguero como clarinete solista, la orquesta interpretar\u00e1 <i>Obertura Egmont<\/i> de Beethoven, <i>Concierto para clarinete n\u00ba1<\/i> de Weber y <i>Sinfon\u00eda 4 Italiana<\/i> de Mendelssohn.<\/p>\n<h3 style=\"text-align: justify;\">Mozart por la West-Eastern Divan<\/h3>\n<p style=\"text-align: justify;\">La orquesta <a title=\"West-Eastern Divan\" href=\"https:\/\/www.teatrodelamaestranza.es\/secciones\/prog\/prog_ficha.php?id=661\" target=\"_blank\">West-Eastern Divan<\/a> llega al Teatro de la Maestranza el 18 de enero para ofrecer un concierto cuyo programa est\u00e1 compuesto al completo por obras de Mozart. Adem\u00e1s de dirigir la orquesta, Daniel Barenboim actuar\u00e1 como solista al piano en una de las obras, y la jienense Cristina G\u00f3mez Godoy lo ser\u00e1 en otra. La obertura de <i>Las bodas de F\u00edgaro<\/i>, el <i>Concierto para oboe y orquesta en Do mayor, KV 314<\/i> y el <i>Concierto para piano y orquesta n\u00ba27 en Si bemol mayor, KV 595<\/i> componen el excepcional programa de este concierto.<\/p>\n<h3 style=\"text-align: justify;\">Jazz con ra\u00edces africanas<\/h3>\n<p>Este mes tenemos una cita con mucho swing en el Teatro Lope de Vega. El sudafricano <a title=\"Abdullah Ibrahim\" href=\"http:\/\/teatrolopedevega.org\/abdullah-ibrahim\/\" target=\"_blank\">Abdullah Ibrahim<\/a>, tambi\u00e9n conocido como Dollar Brand, actuar\u00e1 en el pr\u00f3ximo 27 de enero a las 20:30 dentro del ciclo de Jazz que organiza el teatro para la temporada 14\/15. Pianista, saxofonista, chelista, flautista, cantante y compositor, un m\u00fasico de altura que sin duda, deleitar\u00e1 con su jazz al p\u00fablico asistente.<\/p>\n","protected":false},"excerpt":{"rendered":"<p>Conciertos de A\u00f1o Nuevo, orquestas y jazz. Desde el primer d\u00eda del a\u00f1o la m\u00fasica se hace presente en la ciudad de Sevilla. Gran concierto de A\u00f1o Nuevo en FIBES The Original Johann Strauss Orchestra actuar\u00e1 en FIBES el 1 de enero bajo la batuta de Svilen Simeonov para el \u201cGran concierto de A\u00f1o Nuevo\u201d [&hellip;]<\/p>\n","protected":false},"author":7,"featured_media":3512,"comment_status":"closed","ping_status":"closed","sticky":false,"template":"","format":"standard","meta":[],"categories":[52,1],"tags":[114,76,92,115,77,61,79,64,113],"_links":{"self":[{"href":"https:\/\/coro.meridianos.org\/index.php\/wp-json\/wp\/v2\/posts\/3414"}],"collection":[{"href":"https:\/\/coro.meridianos.org\/index.php\/wp-json\/wp\/v2\/posts"}],"about":[{"href":"https:\/\/coro.meridianos.org\/index.php\/wp-json\/wp\/v2\/types\/post"}],"author":[{"embeddable":true,"href":"https:\/\/coro.meridianos.org\/index.php\/wp-json\/wp\/v2\/users\/7"}],"replies":[{"embeddable":true,"href":"https:\/\/coro.meridianos.org\/index.php\/wp-json\/wp\/v2\/comments?post=3414"}],"version-history":[{"count":10,"href":"https:\/\/coro.meridianos.org\/index.php\/wp-json\/wp\/v2\/posts\/3414\/revisions"}],"predecessor-version":[{"id":4568,"href":"https:\/\/coro.meridianos.org\/index.php\/wp-json\/wp\/v2\/posts\/3414\/revisions\/4568"}],"wp:featuredmedia":[{"embeddable":true,"href":"https:\/\/coro.meridianos.org\/index.php\/wp-json\/wp\/v2\/media\/3512"}],"wp:attachment":[{"href":"https:\/\/coro.meridianos.org\/index.php\/wp-json\/wp\/v2\/media?parent=3414"}],"wp:term":[{"taxonomy":"category","embeddable":true,"href":"https:\/\/coro.meridianos.org\/index.php\/wp-json\/wp\/v2\/categories?post=3414"},{"taxonomy":"post_tag","embeddable":true,"href":"https:\/\/coro.meridianos.org\/index.php\/wp-json\/wp\/v2\/tags?post=3414"}],"curies":[{"name":"wp","href":"https:\/\/api.w.org\/{rel}","templated":true}]}}