{"id":3400,"date":"2014-12-03T10:47:28","date_gmt":"2014-12-03T10:47:28","guid":{"rendered":"https:\/\/coro.meridianos.org\/?p=3400"},"modified":"2016-09-30T11:39:09","modified_gmt":"2016-09-30T11:39:09","slug":"agenda-musical-de-diciembre-en-sevilla","status":"publish","type":"post","link":"https:\/\/coro.meridianos.org\/index.php\/agenda-musical-de-diciembre-en-sevilla\/","title":{"rendered":"Agenda musical de diciembre en Sevilla"},"content":{"rendered":"<p style=\"text-align: justify;\"><a href=\"https:\/\/coro.meridianos.org\/wp-content\/uploads\/2014\/12\/malagasy.png\"><img loading=\"lazy\" class=\"aligncenter size-full wp-image-3401\" src=\"https:\/\/coro.meridianos.org\/wp-content\/uploads\/2014\/12\/malagasy.png\" alt=\"malagasy\" width=\"675\" height=\"245\" srcset=\"https:\/\/coro.meridianos.org\/wp-content\/uploads\/2014\/12\/malagasy.png 675w, https:\/\/coro.meridianos.org\/wp-content\/uploads\/2014\/12\/malagasy-300x108.png 300w\" sizes=\"(max-width: 675px) 100vw, 675px\" \/><\/a><\/p>\n<p style=\"text-align: justify;\"><strong>Desde conciertos de navidad hasta un coro de Madagascar. La oferta musical de diciembre est\u00e1 cargada de muchas opciones para disfrutar en familia.<\/strong><\/p>\n<h3>Los Miserables<\/h3>\n<p style=\"text-align: justify;\">Un a\u00f1o despu\u00e9s del \u00e9xito obtenido en Sevilla, el aclamado musical\u00a0 de Sch\u00f6nberg y Boublil\u00a0 regresa este mes a la capital andaluza. Ser\u00e1 en el <a title=\"Los Miserables en Sevilla\" href=\"http:\/\/www.fibes.es\/events\/musical-los-miserables\/\" target=\"_blank\">Auditorio FIBES<\/a> del 5 al 14 de diciembre. La clave de su \u00e9xito radica Los Miserables adem\u00e1s de la belleza musical de la partitura, tanto en los n\u00fameros solistas como en los corales, que dotan a la obra de una gran fuerza revolucionaria, es una historia atemporal, una historia cuyos valores perduran en el tiempo.<\/p>\n<h3>Concierto de la Luz<\/h3>\n<p style=\"text-align: justify;\">La Fundaci\u00f3n Sevillana Endesa, organiza un concierto el pr\u00f3ximo 5 de diciembre en el Teatro de la Maestranza para celebrar el 25 aniversario de su creaci\u00f3n, que llevar\u00e1 por t\u00edtulo\u00a0<a title=\"Concierto de la Luz\" href=\"https:\/\/www.teatrodelamaestranza.es\/secciones\/prog\/prog_ficha.php?id=714\" target=\"_blank\"><em>Concierto de la Luz<\/em>.<\/a> Bajo la batuta de Juan Luis P\u00e9rez, estar\u00e1 dirigida la\u00a0<strong>Real Orquesta Sinf\u00f3nica de Sevilla<\/strong>\u00a0y la pianista Ana Guijarro. Un concierto para disfrutar de un programa lleno de matices y luces, dentro de la armon\u00eda cl\u00e1sica.<\/p>\n<h3>Cantos de goliardos<\/h3>\n<p style=\"text-align: justify;\">Artefactum ofrece un concierto especial el 9 de diciembre en el teatro Lope de Vega con motivo del XX aniversario del nacimiento de la formaci\u00f3n. En este concierto presentar\u00e1n su nuevo programa titulado\u00a0<a title=\"Goliardos - Artefactum\" href=\"http:\/\/teatrolopedevega.org\/concierto-xx-aniversario-artefactum\/\" target=\"_blank\"><em>Goliardos<\/em><\/a>, y con el que pretenden dar a conocer el fascinante mundo de los goliardos medievales.<\/p>\n<h3>Obra social la Caixa<\/h3>\n<p style=\"text-align: justify;\">El Teatro de la Maestranza acoge un a\u00f1o m\u00e1s un concierto a beneficio de la <a title=\"Concierto a beneficio de la Fundaci\u00f3n Banco de Alimentos de Sevilla\" href=\"https:\/\/www.teatrodelamaestranza.es\/secciones\/prog\/prog_ficha.php?id=711\" target=\"_blank\">Fundaci\u00f3n Banco de Alimentos de Sevilla<\/a> que estar\u00e1 patrocinado este a\u00f1o por la Obra Social de la Caixa, con la colaboraci\u00f3n de Barclays. Ser\u00e1 el pr\u00f3ximo 16 de diciembre, con la\u00a0<strong>Real Orquesta Sinf\u00f3nica de Sevilla<\/strong>\u00a0como protagonista y a cargo del director sevillano Juan Luis P\u00e9rez. Con un programa que se adentrar\u00e1 en las ra\u00edces musicales de la cultura espa\u00f1ola.<\/p>\n<h3>Malagasy Gospel Choir<\/h3>\n<p style=\"text-align: justify;\">FIBES acoge el pr\u00f3ximo 22 de diciembre un concierto del coro <a title=\"Malagasy Gospel Choir\" href=\"http:\/\/www.estacerca.com\/e30032-malagasy-gospel-choir\" target=\"_blank\">Malagasy Gospel Choir.<\/a> Este coro est\u00e1 compuesto por 25 ni\u00f1os que provienen de tres de los proyectos que apoya la Fundaci\u00f3n Agua de Coco en Madagascar. Malagasy Gospel Choir nace como un proyecto de intercambio cultural que pretende dar a conocer la dura realidad de los ni\u00f1os de Madagascar, adem\u00e1s de facilitar el acceso de los mismos a actividades culturales, de ocio y convivencia.<\/p>\n","protected":false},"excerpt":{"rendered":"<p>Desde conciertos de navidad hasta un coro de Madagascar. La oferta musical de diciembre est\u00e1 cargada de muchas opciones para disfrutar en familia. Los Miserables Un a\u00f1o despu\u00e9s del \u00e9xito obtenido en Sevilla, el aclamado musical\u00a0 de Sch\u00f6nberg y Boublil\u00a0 regresa este mes a la capital andaluza. Ser\u00e1 en el Auditorio FIBES del 5 al [&hellip;]<\/p>\n","protected":false},"author":7,"featured_media":3410,"comment_status":"closed","ping_status":"closed","sticky":false,"template":"","format":"standard","meta":[],"categories":[52],"tags":[76,112,48,84,110,111,61,79,64],"_links":{"self":[{"href":"https:\/\/coro.meridianos.org\/index.php\/wp-json\/wp\/v2\/posts\/3400"}],"collection":[{"href":"https:\/\/coro.meridianos.org\/index.php\/wp-json\/wp\/v2\/posts"}],"about":[{"href":"https:\/\/coro.meridianos.org\/index.php\/wp-json\/wp\/v2\/types\/post"}],"author":[{"embeddable":true,"href":"https:\/\/coro.meridianos.org\/index.php\/wp-json\/wp\/v2\/users\/7"}],"replies":[{"embeddable":true,"href":"https:\/\/coro.meridianos.org\/index.php\/wp-json\/wp\/v2\/comments?post=3400"}],"version-history":[{"count":5,"href":"https:\/\/coro.meridianos.org\/index.php\/wp-json\/wp\/v2\/posts\/3400\/revisions"}],"predecessor-version":[{"id":4567,"href":"https:\/\/coro.meridianos.org\/index.php\/wp-json\/wp\/v2\/posts\/3400\/revisions\/4567"}],"wp:featuredmedia":[{"embeddable":true,"href":"https:\/\/coro.meridianos.org\/index.php\/wp-json\/wp\/v2\/media\/3410"}],"wp:attachment":[{"href":"https:\/\/coro.meridianos.org\/index.php\/wp-json\/wp\/v2\/media?parent=3400"}],"wp:term":[{"taxonomy":"category","embeddable":true,"href":"https:\/\/coro.meridianos.org\/index.php\/wp-json\/wp\/v2\/categories?post=3400"},{"taxonomy":"post_tag","embeddable":true,"href":"https:\/\/coro.meridianos.org\/index.php\/wp-json\/wp\/v2\/tags?post=3400"}],"curies":[{"name":"wp","href":"https:\/\/api.w.org\/{rel}","templated":true}]}}