{"id":3381,"date":"2014-12-01T15:34:35","date_gmt":"2014-12-01T15:34:35","guid":{"rendered":"https:\/\/coro.meridianos.org\/?p=3381"},"modified":"2016-09-30T11:38:52","modified_gmt":"2016-09-30T11:38:52","slug":"el-coro-meridianos-lleva-la-navidad-al-centro-de-sevilla","status":"publish","type":"post","link":"https:\/\/coro.meridianos.org\/index.php\/el-coro-meridianos-lleva-la-navidad-al-centro-de-sevilla\/","title":{"rendered":"Concierto del coro Meridianos en el centro"},"content":{"rendered":"<p><a href=\"https:\/\/coro.meridianos.org\/wp-content\/uploads\/2014\/12\/FoConventoSanLeandroRMayor.jpg\"><img loading=\"lazy\" class=\"wp-image-3385 alignleft\" title=\"Monasterio de San Leandro\" src=\"https:\/\/coro.meridianos.org\/wp-content\/uploads\/2014\/12\/FoConventoSanLeandroRMayor-150x150.jpg\" alt=\"FoConventoSanLeandroRMayor\" width=\"54\" height=\"54\" \/><\/a>El pr\u00f3ximo viernes 19 de diciembre a las 18:45, el coro Meridianos ofrecer\u00e1 un concierto de Navidad fuera del Pol\u00edgono Sur. Ser\u00e1 en el monasterio de San Leandro (Plaza San Ildefonso, 1)<\/p>\n<p>&nbsp;<\/p>\n","protected":false},"excerpt":{"rendered":"<p>El pr\u00f3ximo viernes 19 de diciembre a las 18:45, el coro Meridianos ofrecer\u00e1 un concierto de Navidad fuera del Pol\u00edgono Sur. Ser\u00e1 en el monasterio de San Leandro (Plaza San Ildefonso, 1) &nbsp;<\/p>\n","protected":false},"author":7,"featured_media":3385,"comment_status":"closed","ping_status":"closed","sticky":false,"template":"","format":"standard","meta":[],"categories":[52],"tags":[],"_links":{"self":[{"href":"https:\/\/coro.meridianos.org\/index.php\/wp-json\/wp\/v2\/posts\/3381"}],"collection":[{"href":"https:\/\/coro.meridianos.org\/index.php\/wp-json\/wp\/v2\/posts"}],"about":[{"href":"https:\/\/coro.meridianos.org\/index.php\/wp-json\/wp\/v2\/types\/post"}],"author":[{"embeddable":true,"href":"https:\/\/coro.meridianos.org\/index.php\/wp-json\/wp\/v2\/users\/7"}],"replies":[{"embeddable":true,"href":"https:\/\/coro.meridianos.org\/index.php\/wp-json\/wp\/v2\/comments?post=3381"}],"version-history":[{"count":10,"href":"https:\/\/coro.meridianos.org\/index.php\/wp-json\/wp\/v2\/posts\/3381\/revisions"}],"predecessor-version":[{"id":4566,"href":"https:\/\/coro.meridianos.org\/index.php\/wp-json\/wp\/v2\/posts\/3381\/revisions\/4566"}],"wp:featuredmedia":[{"embeddable":true,"href":"https:\/\/coro.meridianos.org\/index.php\/wp-json\/wp\/v2\/media\/3385"}],"wp:attachment":[{"href":"https:\/\/coro.meridianos.org\/index.php\/wp-json\/wp\/v2\/media?parent=3381"}],"wp:term":[{"taxonomy":"category","embeddable":true,"href":"https:\/\/coro.meridianos.org\/index.php\/wp-json\/wp\/v2\/categories?post=3381"},{"taxonomy":"post_tag","embeddable":true,"href":"https:\/\/coro.meridianos.org\/index.php\/wp-json\/wp\/v2\/tags?post=3381"}],"curies":[{"name":"wp","href":"https:\/\/api.w.org\/{rel}","templated":true}]}}