{"id":3371,"date":"2014-11-26T12:53:24","date_gmt":"2014-11-26T12:53:24","guid":{"rendered":"https:\/\/coro.meridianos.org\/?p=3371"},"modified":"2016-09-30T11:38:36","modified_gmt":"2016-09-30T11:38:36","slug":"sabado-de-tecnica-vocal-y-coreografias","status":"publish","type":"post","link":"https:\/\/coro.meridianos.org\/index.php\/sabado-de-tecnica-vocal-y-coreografias\/","title":{"rendered":"S\u00e1bado de t\u00e9cnica vocal y coreograf\u00edas"},"content":{"rendered":"<p style=\"text-align: justify;\"><a href=\"https:\/\/coro.meridianos.org\/wp-content\/uploads\/2014\/11\/arturo.jpg\"><img loading=\"lazy\" class=\"aligncenter size-large wp-image-3372\" src=\"https:\/\/coro.meridianos.org\/wp-content\/uploads\/2014\/11\/arturo-1024x382.jpg\" alt=\"arturo\" width=\"960\" height=\"358\" srcset=\"https:\/\/coro.meridianos.org\/wp-content\/uploads\/2014\/11\/arturo-1024x382.jpg 1024w, https:\/\/coro.meridianos.org\/wp-content\/uploads\/2014\/11\/arturo-300x112.jpg 300w\" sizes=\"(max-width: 960px) 100vw, 960px\" \/><\/a>El pasado 22 de noviembre, los ni\u00f1os del coro y la escuela de m\u00fasica Meridianos tuvieron una jornada de formaci\u00f3n en el colegio Fray Bartolom\u00e9 de las Casas. La jornada comenz\u00f3 a las 10 de la ma\u00f1ana con clases de t\u00e9cnica vocal de la mano de Maril\u00e9 R\u00edos. Los ni\u00f1os aprendieron diferentes t\u00e9cnicas y trucos para mantener una voz sana y no da\u00f1ar su instrumento. M\u00e1s tarde, a las 15:00 horas, el core\u00f3grafo Arturo Parrilla, trabaj\u00f3 con los ni\u00f1os el movimiento y la puesta en escena adem\u00e1s de preparar y ensayar coreograf\u00edas para las canciones de los conciertos de Navidad que ofrecer\u00e1 el coro Meridianos durante el mes de diciembre.<\/p>\n","protected":false},"excerpt":{"rendered":"<p>El pasado 22 de noviembre, los ni\u00f1os del coro y la escuela de m\u00fasica Meridianos tuvieron una jornada de formaci\u00f3n en el colegio Fray Bartolom\u00e9 de las Casas. La jornada comenz\u00f3 a las 10 de la ma\u00f1ana con clases de t\u00e9cnica vocal de la mano de Maril\u00e9 R\u00edos. Los ni\u00f1os aprendieron diferentes t\u00e9cnicas y trucos [&hellip;]<\/p>\n","protected":false},"author":7,"featured_media":3379,"comment_status":"closed","ping_status":"closed","sticky":false,"template":"","format":"standard","meta":[],"categories":[52],"tags":[],"_links":{"self":[{"href":"https:\/\/coro.meridianos.org\/index.php\/wp-json\/wp\/v2\/posts\/3371"}],"collection":[{"href":"https:\/\/coro.meridianos.org\/index.php\/wp-json\/wp\/v2\/posts"}],"about":[{"href":"https:\/\/coro.meridianos.org\/index.php\/wp-json\/wp\/v2\/types\/post"}],"author":[{"embeddable":true,"href":"https:\/\/coro.meridianos.org\/index.php\/wp-json\/wp\/v2\/users\/7"}],"replies":[{"embeddable":true,"href":"https:\/\/coro.meridianos.org\/index.php\/wp-json\/wp\/v2\/comments?post=3371"}],"version-history":[{"count":3,"href":"https:\/\/coro.meridianos.org\/index.php\/wp-json\/wp\/v2\/posts\/3371\/revisions"}],"predecessor-version":[{"id":4565,"href":"https:\/\/coro.meridianos.org\/index.php\/wp-json\/wp\/v2\/posts\/3371\/revisions\/4565"}],"wp:featuredmedia":[{"embeddable":true,"href":"https:\/\/coro.meridianos.org\/index.php\/wp-json\/wp\/v2\/media\/3379"}],"wp:attachment":[{"href":"https:\/\/coro.meridianos.org\/index.php\/wp-json\/wp\/v2\/media?parent=3371"}],"wp:term":[{"taxonomy":"category","embeddable":true,"href":"https:\/\/coro.meridianos.org\/index.php\/wp-json\/wp\/v2\/categories?post=3371"},{"taxonomy":"post_tag","embeddable":true,"href":"https:\/\/coro.meridianos.org\/index.php\/wp-json\/wp\/v2\/tags?post=3371"}],"curies":[{"name":"wp","href":"https:\/\/api.w.org\/{rel}","templated":true}]}}