{"id":3355,"date":"2014-11-26T12:13:29","date_gmt":"2014-11-26T12:13:29","guid":{"rendered":"https:\/\/coro.meridianos.org\/?p=3355"},"modified":"2016-09-30T11:38:24","modified_gmt":"2016-09-30T11:38:24","slug":"el-coro-meridianos-llena-de-musica-la-navidad-del-poligono-sur","status":"publish","type":"post","link":"https:\/\/coro.meridianos.org\/index.php\/el-coro-meridianos-llena-de-musica-la-navidad-del-poligono-sur\/","title":{"rendered":"El coro Meridianos pone m\u00fasica al Pol\u00edgono en Navidad"},"content":{"rendered":"<p style=\"text-align: justify;\"><a href=\"https:\/\/coro.meridianos.org\/wp-content\/uploads\/2014\/10\/ISA001.jpg\"><img loading=\"lazy\" class=\"aligncenter size-large wp-image-3211\" src=\"https:\/\/coro.meridianos.org\/wp-content\/uploads\/2014\/10\/ISA001-1024x354.jpg\" alt=\"PREMIOS ISA\" width=\"960\" height=\"331\" srcset=\"https:\/\/coro.meridianos.org\/wp-content\/uploads\/2014\/10\/ISA001-1024x354.jpg 1024w, https:\/\/coro.meridianos.org\/wp-content\/uploads\/2014\/10\/ISA001-300x103.jpg 300w\" sizes=\"(max-width: 960px) 100vw, 960px\" \/><\/a>Se acerca la Navidad y el coro Meridianos ultima todos los detalles para los conciertos que ofrecer\u00e1 en diciembre en el Pol\u00edgono Sur. El primero ser\u00e1 el martes 16 a las 20:00 en la parroquia Nuestra Se\u00f1ora de la Oliva. Esa misma semana, el jueves 18 de diciembre a las 18:30, los ni\u00f1os del coro Meridianos participar\u00e1n en el acto de presentaci\u00f3n de la radio de la Asociaci\u00f3n Entre Amigos, que tendr\u00e1 lugar en el sal\u00f3n de actos de la Fundaci\u00f3n Don Bosco, en la parroquia de Jes\u00fas Obrero. Por \u00faltimo, el 9 de enero a las 18:15, el coro Meridianos cerrar\u00e1 el ciclo de conciertos en el Pol\u00edgono Sur actuando en la Asociaci\u00f3n de mayores Nuestra Se\u00f1ora de la Oliva.<\/p>\n","protected":false},"excerpt":{"rendered":"<p>Se acerca la Navidad y el coro Meridianos ultima todos los detalles para los conciertos que ofrecer\u00e1 en diciembre en el Pol\u00edgono Sur. El primero ser\u00e1 el martes 16 a las 20:00 en la parroquia Nuestra Se\u00f1ora de la Oliva. Esa misma semana, el jueves 18 de diciembre a las 18:30, los ni\u00f1os del coro [&hellip;]<\/p>\n","protected":false},"author":7,"featured_media":3378,"comment_status":"closed","ping_status":"closed","sticky":false,"template":"","format":"standard","meta":[],"categories":[52],"tags":[],"_links":{"self":[{"href":"https:\/\/coro.meridianos.org\/index.php\/wp-json\/wp\/v2\/posts\/3355"}],"collection":[{"href":"https:\/\/coro.meridianos.org\/index.php\/wp-json\/wp\/v2\/posts"}],"about":[{"href":"https:\/\/coro.meridianos.org\/index.php\/wp-json\/wp\/v2\/types\/post"}],"author":[{"embeddable":true,"href":"https:\/\/coro.meridianos.org\/index.php\/wp-json\/wp\/v2\/users\/7"}],"replies":[{"embeddable":true,"href":"https:\/\/coro.meridianos.org\/index.php\/wp-json\/wp\/v2\/comments?post=3355"}],"version-history":[{"count":10,"href":"https:\/\/coro.meridianos.org\/index.php\/wp-json\/wp\/v2\/posts\/3355\/revisions"}],"predecessor-version":[{"id":4564,"href":"https:\/\/coro.meridianos.org\/index.php\/wp-json\/wp\/v2\/posts\/3355\/revisions\/4564"}],"wp:featuredmedia":[{"embeddable":true,"href":"https:\/\/coro.meridianos.org\/index.php\/wp-json\/wp\/v2\/media\/3378"}],"wp:attachment":[{"href":"https:\/\/coro.meridianos.org\/index.php\/wp-json\/wp\/v2\/media?parent=3355"}],"wp:term":[{"taxonomy":"category","embeddable":true,"href":"https:\/\/coro.meridianos.org\/index.php\/wp-json\/wp\/v2\/categories?post=3355"},{"taxonomy":"post_tag","embeddable":true,"href":"https:\/\/coro.meridianos.org\/index.php\/wp-json\/wp\/v2\/tags?post=3355"}],"curies":[{"name":"wp","href":"https:\/\/api.w.org\/{rel}","templated":true}]}}