{"id":3243,"date":"2014-11-05T18:32:13","date_gmt":"2014-11-05T18:32:13","guid":{"rendered":"https:\/\/coro.meridianos.org\/?p=3243"},"modified":"2016-09-30T11:38:11","modified_gmt":"2016-09-30T11:38:11","slug":"agenda-musical-de-noviembre","status":"publish","type":"post","link":"https:\/\/coro.meridianos.org\/index.php\/agenda-musical-de-noviembre\/","title":{"rendered":"Agenda musical de noviembre en Sevilla"},"content":{"rendered":"<p style=\"text-align: justify;\"><a href=\"https:\/\/coro.meridianos.org\/wp-content\/uploads\/2014\/11\/almaclara2.jpg\"><img loading=\"lazy\" class=\"aligncenter size-full wp-image-3245\" src=\"https:\/\/coro.meridianos.org\/wp-content\/uploads\/2014\/11\/almaclara2.jpg\" alt=\"almaclara2\" width=\"960\" height=\"313\" srcset=\"https:\/\/coro.meridianos.org\/wp-content\/uploads\/2014\/11\/almaclara2.jpg 960w, https:\/\/coro.meridianos.org\/wp-content\/uploads\/2014\/11\/almaclara2-300x97.jpg 300w\" sizes=\"(max-width: 960px) 100vw, 960px\" \/><\/a><\/p>\n<p style=\"text-align: justify;\">Noviembre, el mes de la m\u00fasica por excelencia, suena este a\u00f1o a jazz, bandas sonoras, m\u00fasica cl\u00e1sica y flamenco.<\/p>\n<h3 style=\"text-align: justify;\">Volar a trav\u00e9s del jazz<\/h3>\n<p style=\"text-align: justify;\">Stanley Clarke, el m\u00edtico bajista de Return to forever, llega a Sevilla acompa\u00f1ado de su banda de jazz. Su bajo, junto con el piano de Beka Gochiashivili, la bater\u00eda de Michael Mitchell y los teclados de Cameron Graves, presentan el pr\u00f3ximo uno de noviembre en el <a title=\"Web del Teatro de la Maestranza\" href=\"http:\/\/www.teatrodelamaestranza.es\/secciones\/prog\/prog_ficha.php?id=676\" target=\"_blank\">Teatro de la Maestranza<\/a>, \u201cUp Tour\u201d, el \u00faltimo disco de la\u00a0 banda. Una cita para \u201cvolar\u201d con el jazz de Clarke, t\u00e9rmino con el que el bajista define a la improvisaci\u00f3n.<\/p>\n<h3 style=\"text-align: justify;\">Avanzadoras<\/h3>\n<p style=\"text-align: justify;\">La orquesta \u00a0de c\u00e1mara de mujeres <a title=\"Web de la Orquesta Almaclara\" href=\"http:\/\/almaclara.es\/\" target=\"_blank\">Almaclara-In\u00e9s Rosales<\/a> organiza este a\u00f1o su primer Festival de m\u00fasica Almaclara, que lleva por t\u00edtulo \u201cAvanzadoras\u201d. Esta formaci\u00f3n orquestal, compuesta \u00edntegramente por mujeres, presenta cuatro conciertos en la Sala Cero, donde se interpretar\u00e1n en diferentes formas de agrupaci\u00f3n, desde bandas sonoras de cine hasta m\u00fasica espa\u00f1ola de Soler a Falla, pasando por los grandes maestros Bach y Mozart. Un festival repleto de diferentes estilos, en el que la orquesta estar\u00e1 acompa\u00f1ada por tres grandes solistas de talla internacional como la bailaora Leonor Leal, la cantaora Roc\u00edo M\u00e1rquez y la pianista Rosa Torres-Pardo.<\/p>\n<h3 style=\"text-align: justify;\">Noviembre barroco en Santa Clara<\/h3>\n<p style=\"text-align: justify;\">Obras de Bach, Telemann, Nebra, Corelli y Vivaldi ser\u00e1n las elegidas para cerrar el ciclo <a title=\"Web de Espacio Santa Clara\" href=\"http:\/\/espaciosantaclara.org\/espacio-santa-clara\/el-otono-se-hace-barroco-en-santa-clara\/\" target=\"_blank\">\u201cLa m\u00fasica vocal en el Barroco\u201d<\/a> en el Espacio Santa Clara. Una oportunidad de disfrutar del repertorio vocal de los grandes del barroco acompa\u00f1ado de conferencias gu\u00edas sobre cada compositor y su obra.<\/p>\n<h3 style=\"text-align: justify;\">Orquesta B\u00e9tica de C\u00e1mara<\/h3>\n<p style=\"text-align: justify;\">Dentro del ciclo de conciertos organizado por la <a title=\"Web de la Orquesta B\u00e9tica de C\u00e1mara\" href=\"http:\/\/www.orquestabeticadecamara.com\/actividades.php\" target=\"_blank\">Orquesta B\u00e9tica de C\u00e1mara<\/a>, tendr\u00e1 lugar un concierto de la misma orquesta en la sala Joaqu\u00edn Turina del Centro Cultural Cajasol. Bajo la batuta de Michael Thomas, interpretar\u00e1n obras de Rossini, Falla, Debussy, Ravel y Salazar.<\/p>\n<h3 style=\"text-align: justify;\">Viaje a la Bre\u00f1a en Cajasol<\/h3>\n<p style=\"text-align: justify;\">El m\u00fasico Nono Garc\u00eda pondr\u00e1 fin al ciclo de conciertos <a title=\"Web de la Fundaci\u00f3n Cajasol\" href=\"http:\/\/www.fundacioncajasol.com\/fundacion\/content\/nosolojazz-pone-en-marcha-el-ciclo-jazz-en-el-sur\" target=\"_blank\">\u201cJazz en el sur\u201d<\/a> en la Sala Joaqu\u00edn Turina del Centro Cultural Cajasol. Boleros, blues, jazz, bossa nova y flamenco ser\u00e1n los ingredientes musicales para hacer de este concierto un gran broche final de \u201cJazz en el sur\u201d.<\/p>\n","protected":false},"excerpt":{"rendered":"<p>Noviembre, el mes de la m\u00fasica por excelencia, suena este a\u00f1o a jazz, bandas sonoras, m\u00fasica cl\u00e1sica y flamenco. Volar a trav\u00e9s del jazz Stanley Clarke, el m\u00edtico bajista de Return to forever, llega a Sevilla acompa\u00f1ado de su banda de jazz. Su bajo, junto con el piano de Beka Gochiashivili, la bater\u00eda de Michael [&hellip;]<\/p>\n","protected":false},"author":7,"featured_media":3265,"comment_status":"closed","ping_status":"closed","sticky":false,"template":"","format":"standard","meta":[],"categories":[52],"tags":[124,76,93,48,92,89],"_links":{"self":[{"href":"https:\/\/coro.meridianos.org\/index.php\/wp-json\/wp\/v2\/posts\/3243"}],"collection":[{"href":"https:\/\/coro.meridianos.org\/index.php\/wp-json\/wp\/v2\/posts"}],"about":[{"href":"https:\/\/coro.meridianos.org\/index.php\/wp-json\/wp\/v2\/types\/post"}],"author":[{"embeddable":true,"href":"https:\/\/coro.meridianos.org\/index.php\/wp-json\/wp\/v2\/users\/7"}],"replies":[{"embeddable":true,"href":"https:\/\/coro.meridianos.org\/index.php\/wp-json\/wp\/v2\/comments?post=3243"}],"version-history":[{"count":7,"href":"https:\/\/coro.meridianos.org\/index.php\/wp-json\/wp\/v2\/posts\/3243\/revisions"}],"predecessor-version":[{"id":4563,"href":"https:\/\/coro.meridianos.org\/index.php\/wp-json\/wp\/v2\/posts\/3243\/revisions\/4563"}],"wp:featuredmedia":[{"embeddable":true,"href":"https:\/\/coro.meridianos.org\/index.php\/wp-json\/wp\/v2\/media\/3265"}],"wp:attachment":[{"href":"https:\/\/coro.meridianos.org\/index.php\/wp-json\/wp\/v2\/media?parent=3243"}],"wp:term":[{"taxonomy":"category","embeddable":true,"href":"https:\/\/coro.meridianos.org\/index.php\/wp-json\/wp\/v2\/categories?post=3243"},{"taxonomy":"post_tag","embeddable":true,"href":"https:\/\/coro.meridianos.org\/index.php\/wp-json\/wp\/v2\/tags?post=3243"}],"curies":[{"name":"wp","href":"https:\/\/api.w.org\/{rel}","templated":true}]}}