{"id":3236,"date":"2014-10-31T14:20:46","date_gmt":"2014-10-31T14:20:46","guid":{"rendered":"https:\/\/coro.meridianos.org\/?p=3236"},"modified":"2016-09-30T11:37:55","modified_gmt":"2016-09-30T11:37:55","slug":"jornada-de-formacion-musical-en-el-poligono-sur","status":"publish","type":"post","link":"https:\/\/coro.meridianos.org\/index.php\/jornada-de-formacion-musical-en-el-poligono-sur\/","title":{"rendered":"Jornada de formaci\u00f3n Musical en el Pol\u00edgono Sur"},"content":{"rendered":"<p style=\"text-align: justify;\"><a href=\"https:\/\/coro.meridianos.org\/wp-content\/uploads\/2014\/10\/foto2.jpg\"><img loading=\"lazy\" class=\" wp-image-3258 alignleft\" title=\"Arturo Parrilla y Maril\u00e9 R\u00edos\" src=\"https:\/\/coro.meridianos.org\/wp-content\/uploads\/2014\/10\/foto2-300x136.jpg\" alt=\"foto2\" width=\"180\" height=\"82\" srcset=\"https:\/\/coro.meridianos.org\/wp-content\/uploads\/2014\/10\/foto2-300x136.jpg 300w, https:\/\/coro.meridianos.org\/wp-content\/uploads\/2014\/10\/foto2.jpg 475w\" sizes=\"(max-width: 180px) 100vw, 180px\" \/><\/a>El S\u00e1bado 22 de Noviembre Meridianos ofrece una jornada de formaci\u00f3n musical en el colegio Fray Bartolom\u00e9 de las Casas, en la que los ni\u00f1os y ni\u00f1as del coro y de la escuela de m\u00fasica podr\u00e1n ampliar sus conocimientos en danza y en t\u00e9cnica vocal, con dos cursos impartidos por Arturo Parrilla y Maril\u00e9 R\u00edos respectivamente.<\/p>\n","protected":false},"excerpt":{"rendered":"<p>El S\u00e1bado 22 de Noviembre Meridianos ofrece una jornada de formaci\u00f3n musical en el colegio Fray Bartolom\u00e9 de las Casas, en la que los ni\u00f1os y ni\u00f1as del coro y de la escuela de m\u00fasica podr\u00e1n ampliar sus conocimientos en danza y en t\u00e9cnica vocal, con dos cursos impartidos por Arturo Parrilla y Maril\u00e9 R\u00edos [&hellip;]<\/p>\n","protected":false},"author":7,"featured_media":3270,"comment_status":"closed","ping_status":"closed","sticky":false,"template":"","format":"standard","meta":[],"categories":[52,55],"tags":[109,84,106,105,103,108,104,70,107],"_links":{"self":[{"href":"https:\/\/coro.meridianos.org\/index.php\/wp-json\/wp\/v2\/posts\/3236"}],"collection":[{"href":"https:\/\/coro.meridianos.org\/index.php\/wp-json\/wp\/v2\/posts"}],"about":[{"href":"https:\/\/coro.meridianos.org\/index.php\/wp-json\/wp\/v2\/types\/post"}],"author":[{"embeddable":true,"href":"https:\/\/coro.meridianos.org\/index.php\/wp-json\/wp\/v2\/users\/7"}],"replies":[{"embeddable":true,"href":"https:\/\/coro.meridianos.org\/index.php\/wp-json\/wp\/v2\/comments?post=3236"}],"version-history":[{"count":8,"href":"https:\/\/coro.meridianos.org\/index.php\/wp-json\/wp\/v2\/posts\/3236\/revisions"}],"predecessor-version":[{"id":4562,"href":"https:\/\/coro.meridianos.org\/index.php\/wp-json\/wp\/v2\/posts\/3236\/revisions\/4562"}],"wp:featuredmedia":[{"embeddable":true,"href":"https:\/\/coro.meridianos.org\/index.php\/wp-json\/wp\/v2\/media\/3270"}],"wp:attachment":[{"href":"https:\/\/coro.meridianos.org\/index.php\/wp-json\/wp\/v2\/media?parent=3236"}],"wp:term":[{"taxonomy":"category","embeddable":true,"href":"https:\/\/coro.meridianos.org\/index.php\/wp-json\/wp\/v2\/categories?post=3236"},{"taxonomy":"post_tag","embeddable":true,"href":"https:\/\/coro.meridianos.org\/index.php\/wp-json\/wp\/v2\/tags?post=3236"}],"curies":[{"name":"wp","href":"https:\/\/api.w.org\/{rel}","templated":true}]}}