{"id":3231,"date":"2014-10-31T13:46:58","date_gmt":"2014-10-31T13:46:58","guid":{"rendered":"https:\/\/coro.meridianos.org\/?p=3231"},"modified":"2016-09-30T11:37:43","modified_gmt":"2016-09-30T11:37:43","slug":"inauguracion-de-la-escuela-de-musica-meridianos","status":"publish","type":"post","link":"https:\/\/coro.meridianos.org\/index.php\/inauguracion-de-la-escuela-de-musica-meridianos\/","title":{"rendered":"Inauguraci\u00f3n de la Escuela de M\u00fasica Meridianos"},"content":{"rendered":"<p style=\"text-align: justify;\"><a href=\"https:\/\/coro.meridianos.org\/wp-content\/uploads\/2014\/10\/piano2cuadrado1.jpg\"><img loading=\"lazy\" class=\"size-thumbnail wp-image-3228 alignleft\" title=\"Escuela de M\u00fasica Meridianos\" src=\"https:\/\/coro.meridianos.org\/wp-content\/uploads\/2014\/10\/piano2cuadrado1-150x150.jpg\" alt=\"Escuela de M\u00fasica Meridianos\" width=\"150\" height=\"150\" \/><\/a>El mi\u00e9rcoles 5 de Noviembre dar\u00e1 comienzo la Escuela de M\u00fasica Meridianos que ofertar\u00e1 una formaci\u00f3n musical de calidad como complemento al coro, de esta manera Meridianos da respuesta a las inquietudes de los ni\u00f1os y de las familias del pol\u00edgono Sur.<\/p>\n","protected":false},"excerpt":{"rendered":"<p>El mi\u00e9rcoles 5 de Noviembre dar\u00e1 comienzo la Escuela de M\u00fasica Meridianos que ofertar\u00e1 una formaci\u00f3n musical de calidad como complemento al coro, de esta manera Meridianos da respuesta a las inquietudes de los ni\u00f1os y de las familias del pol\u00edgono Sur.<\/p>\n","protected":false},"author":7,"featured_media":3267,"comment_status":"closed","ping_status":"closed","sticky":false,"template":"","format":"standard","meta":[],"categories":[52,55],"tags":[99,101,102,100,61,70],"_links":{"self":[{"href":"https:\/\/coro.meridianos.org\/index.php\/wp-json\/wp\/v2\/posts\/3231"}],"collection":[{"href":"https:\/\/coro.meridianos.org\/index.php\/wp-json\/wp\/v2\/posts"}],"about":[{"href":"https:\/\/coro.meridianos.org\/index.php\/wp-json\/wp\/v2\/types\/post"}],"author":[{"embeddable":true,"href":"https:\/\/coro.meridianos.org\/index.php\/wp-json\/wp\/v2\/users\/7"}],"replies":[{"embeddable":true,"href":"https:\/\/coro.meridianos.org\/index.php\/wp-json\/wp\/v2\/comments?post=3231"}],"version-history":[{"count":5,"href":"https:\/\/coro.meridianos.org\/index.php\/wp-json\/wp\/v2\/posts\/3231\/revisions"}],"predecessor-version":[{"id":4561,"href":"https:\/\/coro.meridianos.org\/index.php\/wp-json\/wp\/v2\/posts\/3231\/revisions\/4561"}],"wp:featuredmedia":[{"embeddable":true,"href":"https:\/\/coro.meridianos.org\/index.php\/wp-json\/wp\/v2\/media\/3267"}],"wp:attachment":[{"href":"https:\/\/coro.meridianos.org\/index.php\/wp-json\/wp\/v2\/media?parent=3231"}],"wp:term":[{"taxonomy":"category","embeddable":true,"href":"https:\/\/coro.meridianos.org\/index.php\/wp-json\/wp\/v2\/categories?post=3231"},{"taxonomy":"post_tag","embeddable":true,"href":"https:\/\/coro.meridianos.org\/index.php\/wp-json\/wp\/v2\/tags?post=3231"}],"curies":[{"name":"wp","href":"https:\/\/api.w.org\/{rel}","templated":true}]}}