{"id":3196,"date":"2014-10-30T11:22:01","date_gmt":"2014-10-30T11:22:01","guid":{"rendered":"https:\/\/coro.meridianos.org\/?p=3196"},"modified":"2016-09-30T11:37:27","modified_gmt":"2016-09-30T11:37:27","slug":"exito-del-coro-meridianos-en-los-premios-isa","status":"publish","type":"post","link":"https:\/\/coro.meridianos.org\/index.php\/exito-del-coro-meridianos-en-los-premios-isa\/","title":{"rendered":"\u00c9xito del coro Meridianos en los premios ISA"},"content":{"rendered":"<p style=\"text-align: center;\"><a href=\"https:\/\/coro.meridianos.org\/wp-content\/uploads\/2014\/10\/ISA001.jpg\"><img loading=\"lazy\" class=\"aligncenter size-large wp-image-3211\" style=\"margin: 0px; border: 0px none;\" title=\"Coro Meridianos en los premios ISA\" src=\"https:\/\/coro.meridianos.org\/wp-content\/uploads\/2014\/10\/ISA001-1024x354.jpg\" alt=\"PREMIOS ISA\" width=\"960\" height=\"331\" srcset=\"https:\/\/coro.meridianos.org\/wp-content\/uploads\/2014\/10\/ISA001-1024x354.jpg 1024w, https:\/\/coro.meridianos.org\/wp-content\/uploads\/2014\/10\/ISA001-300x103.jpg 300w\" sizes=\"(max-width: 960px) 100vw, 960px\" \/><\/a><\/p>\n<p style=\"text-align: justify;\">El pasado 28 de octubre el coro Meridianos particip\u00f3 en la gala anual de premios de la asociaci\u00f3n \u201cIniciativa Sevilla Abierta\u201d (ISA) <!--more-->que tuvo lugar en el Teatro Central de Sevilla. Esta asociaci\u00f3n reconoce la labor de personas y colectivos que contribuyen especialmente al dinamismo y apertura de Sevilla.<\/p>\n<p style=\"text-align: justify;\">En este acto fueron galardonadas Laura Roa y Mar\u00eda Pag\u00e9s. La primera, catedr\u00e1tica sevillana de Ingenier\u00eda Biom\u00e9dica, recibi\u00f3 el premio a la modernizaci\u00f3n de Sevilla; y Mar\u00eda, bailaora y core\u00f3grafa sevillana que fue galardonada con el premio a la promoci\u00f3n internacional de nuestra ciudad por su gran labor en la integraci\u00f3n del flamenco en las artes esc\u00e9nicas de primer nivel.<\/p>\n<p style=\"text-align: justify;\">En este ambiente de innovaci\u00f3n y \u00a0desarrollo, los ni\u00f1os que forman el coro Meridianos fueron tambi\u00e9n protagonistas en la gala ya que dieron apertura al acto con la interpretaci\u00f3n de tres obras. Comenzaron con la canci\u00f3n japonesa titulada \u201cAkai hana\u201d creando una atm\u00f3sfera de dulzura y armon\u00eda, continuaron con maestr\u00eda interpretando \u201cLa tarde\u201d, compuesta por Rafael Vega, director del coro, y concluyeron brillantemente con el Ave Mar\u00eda de G. Caccini.<\/p>\n<p style=\"text-align: justify;\">Fue la primera actuaci\u00f3n del coro Meridianos fuera del Pol\u00edgono Sur que culmin\u00f3 con \u00e9xito recibiendo el gran aplauso del p\u00fablico asistente. Esta intervenci\u00f3n en la gala anual de los premios ISA ha cargado de fuerzas y energ\u00eda a los ni\u00f1os que forman nuestro coro y no es si no la primera actuaci\u00f3n de las muchas que quedan por venir este a\u00f1o.<\/p>\n","protected":false},"excerpt":{"rendered":"<p>El pasado 28 de octubre el coro Meridianos particip\u00f3 en la gala anual de premios de la asociaci\u00f3n \u201cIniciativa Sevilla Abierta\u201d (ISA)<\/p>\n","protected":false},"author":7,"featured_media":3268,"comment_status":"closed","ping_status":"closed","sticky":false,"template":"","format":"standard","meta":[],"categories":[52,55],"tags":[48,49,84,96,97,61,70,98,64,95],"_links":{"self":[{"href":"https:\/\/coro.meridianos.org\/index.php\/wp-json\/wp\/v2\/posts\/3196"}],"collection":[{"href":"https:\/\/coro.meridianos.org\/index.php\/wp-json\/wp\/v2\/posts"}],"about":[{"href":"https:\/\/coro.meridianos.org\/index.php\/wp-json\/wp\/v2\/types\/post"}],"author":[{"embeddable":true,"href":"https:\/\/coro.meridianos.org\/index.php\/wp-json\/wp\/v2\/users\/7"}],"replies":[{"embeddable":true,"href":"https:\/\/coro.meridianos.org\/index.php\/wp-json\/wp\/v2\/comments?post=3196"}],"version-history":[{"count":10,"href":"https:\/\/coro.meridianos.org\/index.php\/wp-json\/wp\/v2\/posts\/3196\/revisions"}],"predecessor-version":[{"id":4560,"href":"https:\/\/coro.meridianos.org\/index.php\/wp-json\/wp\/v2\/posts\/3196\/revisions\/4560"}],"wp:featuredmedia":[{"embeddable":true,"href":"https:\/\/coro.meridianos.org\/index.php\/wp-json\/wp\/v2\/media\/3268"}],"wp:attachment":[{"href":"https:\/\/coro.meridianos.org\/index.php\/wp-json\/wp\/v2\/media?parent=3196"}],"wp:term":[{"taxonomy":"category","embeddable":true,"href":"https:\/\/coro.meridianos.org\/index.php\/wp-json\/wp\/v2\/categories?post=3196"},{"taxonomy":"post_tag","embeddable":true,"href":"https:\/\/coro.meridianos.org\/index.php\/wp-json\/wp\/v2\/tags?post=3196"}],"curies":[{"name":"wp","href":"https:\/\/api.w.org\/{rel}","templated":true}]}}