{"id":3119,"date":"2014-09-08T11:41:55","date_gmt":"2014-09-08T11:41:55","guid":{"rendered":"https:\/\/coro.meridianos.org\/?p=3119"},"modified":"2016-09-30T11:36:59","modified_gmt":"2016-09-30T11:36:59","slug":"el-coro-meridianos-reanuda-los-ensayos-el-lunes-29-de-septiembre","status":"publish","type":"post","link":"https:\/\/coro.meridianos.org\/index.php\/el-coro-meridianos-reanuda-los-ensayos-el-lunes-29-de-septiembre\/","title":{"rendered":"El coro Meridianos reanuda los ensayos"},"content":{"rendered":"<p><a href=\"https:\/\/coro.meridianos.org\/wp-content\/uploads\/2014\/03\/galeria4.jpg\"><img loading=\"lazy\" class=\"aligncenter size-full wp-image-2658\" src=\"https:\/\/coro.meridianos.org\/wp-content\/uploads\/2014\/03\/galeria4.jpg\" alt=\"galeria4\" width=\"1000\" height=\"600\" srcset=\"https:\/\/coro.meridianos.org\/wp-content\/uploads\/2014\/03\/galeria4.jpg 1000w, https:\/\/coro.meridianos.org\/wp-content\/uploads\/2014\/03\/galeria4-300x180.jpg 300w\" sizes=\"(max-width: 1000px) 100vw, 1000px\" \/><\/a><\/p>\n<p>El Coro Meridianos se prepara para su segundo a\u00f1o de m\u00fasica en el Pol\u00edgono Sur. Si formas parte del coro o quieres participar de esta emocionante iniciativa musical, el d\u00eda 29 de septiembre se reanudan los ensayos en el colegio Fray Bartolom\u00e9 de las Casas.<!--more--><\/p>\n<p>Tras un exitoso primer a\u00f1o que se cerr\u00f3 con un concierto en el sal\u00f3n de actos de la sede del Comisionado para el Pol\u00edgono Sur el pasado 12 de junio, el Coro Meridianos ya piensa en su segundo a\u00f1o. Los ensayos dar\u00e1n comienzo a las 17.15 el pr\u00f3ximo lunes 29 de septiembre en la sede habitual, el Colegio Fray Bartolom\u00e9 de las Casas (Ronda de Nuestra Se\u00f1ora de la Oliva s\/n).<\/p>\n<p>&nbsp;<\/p>\n","protected":false},"excerpt":{"rendered":"<p>El Coro Meridianos se prepara para su segundo a\u00f1o de m\u00fasica en el Pol\u00edgono Sur. Si formas parte del coro o quieres participar de esta emocionante iniciativa musical, el d\u00eda 29 de septiembre se reanudan los ensayos en el colegio Fray Bartolom\u00e9 de las Casas.<\/p>\n","protected":false},"author":7,"featured_media":3266,"comment_status":"closed","ping_status":"closed","sticky":false,"template":"","format":"standard","meta":[],"categories":[52],"tags":[49,84,90,91,61,64],"_links":{"self":[{"href":"https:\/\/coro.meridianos.org\/index.php\/wp-json\/wp\/v2\/posts\/3119"}],"collection":[{"href":"https:\/\/coro.meridianos.org\/index.php\/wp-json\/wp\/v2\/posts"}],"about":[{"href":"https:\/\/coro.meridianos.org\/index.php\/wp-json\/wp\/v2\/types\/post"}],"author":[{"embeddable":true,"href":"https:\/\/coro.meridianos.org\/index.php\/wp-json\/wp\/v2\/users\/7"}],"replies":[{"embeddable":true,"href":"https:\/\/coro.meridianos.org\/index.php\/wp-json\/wp\/v2\/comments?post=3119"}],"version-history":[{"count":5,"href":"https:\/\/coro.meridianos.org\/index.php\/wp-json\/wp\/v2\/posts\/3119\/revisions"}],"predecessor-version":[{"id":4559,"href":"https:\/\/coro.meridianos.org\/index.php\/wp-json\/wp\/v2\/posts\/3119\/revisions\/4559"}],"wp:featuredmedia":[{"embeddable":true,"href":"https:\/\/coro.meridianos.org\/index.php\/wp-json\/wp\/v2\/media\/3266"}],"wp:attachment":[{"href":"https:\/\/coro.meridianos.org\/index.php\/wp-json\/wp\/v2\/media?parent=3119"}],"wp:term":[{"taxonomy":"category","embeddable":true,"href":"https:\/\/coro.meridianos.org\/index.php\/wp-json\/wp\/v2\/categories?post=3119"},{"taxonomy":"post_tag","embeddable":true,"href":"https:\/\/coro.meridianos.org\/index.php\/wp-json\/wp\/v2\/tags?post=3119"}],"curies":[{"name":"wp","href":"https:\/\/api.w.org\/{rel}","templated":true}]}}