{"id":3115,"date":"2014-09-02T17:10:28","date_gmt":"2014-09-02T17:10:28","guid":{"rendered":"https:\/\/coro.meridianos.org\/?p=3115"},"modified":"2016-09-30T11:36:46","modified_gmt":"2016-09-30T11:36:46","slug":"agenda-musical-de-septiembre-en-sevilla","status":"publish","type":"post","link":"https:\/\/coro.meridianos.org\/index.php\/agenda-musical-de-septiembre-en-sevilla\/","title":{"rendered":"Agenda musical de septiembre en Sevilla"},"content":{"rendered":"<p><a href=\"https:\/\/coro.meridianos.org\/wp-content\/uploads\/2014\/09\/Estrella-Morente.jpg\"><img loading=\"lazy\" class=\"aligncenter size-full wp-image-3117\" src=\"https:\/\/coro.meridianos.org\/wp-content\/uploads\/2014\/09\/Estrella-Morente.jpg\" alt=\"Estrella Morente\" width=\"783\" height=\"335\" srcset=\"https:\/\/coro.meridianos.org\/wp-content\/uploads\/2014\/09\/Estrella-Morente.jpg 783w, https:\/\/coro.meridianos.org\/wp-content\/uploads\/2014\/09\/Estrella-Morente-300x128.jpg 300w\" sizes=\"(max-width: 783px) 100vw, 783px\" \/><\/a><\/p>\n<p>El mes de septiembre nos ofrece un men\u00fa de reinicio de temporadas y de cierre de festivales de verano que proponen m\u00fasicas variadas en la ciudad.<\/p>\n<h3>5 de septiembre<\/h3>\n<p>El Festival de las Noches en los Jardines del Alc\u00e1zar alcanza las noches del final del verano en el jard\u00edn del cenador del palacio. Para este d\u00eda <span style=\"text-decoration: underline;\">miembros de la Orquesta B\u00e9tica en formaci\u00f3n de cuarteto<\/span> llegan a los jardines para interpretar un repertorio de tem\u00e1tica relacionada con el frescor de los jardines, piezas compuestas por Dvor\u00e1k y Puccini.<\/p>\n<h3>8 de septiembre<\/h3>\n<p>Lo que nos ofrecen los Jardines del Alc\u00e1zar en esta noche es un concierto a tres bandas con sabores del continente americano. Flauta, guitarra y percusi\u00f3n entre Italia, Espa\u00f1a y Brasil se unen para dar vida a la m\u00fasica brasile\u00f1a que nos ofrece el conjunto <span style=\"text-decoration: underline;\">Pra\u00e7a Onze<\/span>.<\/p>\n<h3>11 de septiembre<\/h3>\n<p>El concierto que acogen los Jardines del Alc\u00e1zar es una apuesta por la m\u00fasica antigua con una visi\u00f3n actual, la que da la presencia de un piano preparado como \u00fanico acompa\u00f1amiento a la voz de <span style=\"text-decoration: underline;\">la soprano Mariv\u00ed Blasco<\/span>. De la m\u00fasica sefard\u00ed a los sones brit\u00e1nicos, piano y voz se muestran desnudos con un repertorio variado y ligero.<\/p>\n<h3>19 de septiembre<\/h3>\n<p>Con el programa &#8216;Pasaje a los tiempos&#8217; se presenta la <span style=\"text-decoration: underline;\">Universal Symphony Orchestra<\/span> en el Teatro Riberas del Guadaira de Alcal\u00e1. Esta orquesta especializada en m\u00fasica para el s\u00e9ptimo arte abre la programaci\u00f3n de esta temporada del teatro alcalare\u00f1o con m\u00fasica de pel\u00edculas como Ben-Hur, Gladiator, Cinema Paradiso o Piratas del Caribe.<\/p>\n<h3>25 y 26 de septiembre<\/h3>\n<p>Dentro de la programaci\u00f3n de la <span style=\"text-decoration: underline;\">Bienal de Flamenco y como apertura de la temporada de la Real Orquesta Sinf\u00f3nica de Sevilla<\/span>, estos dos d\u00edas se abre el programa de abono del conjunto con un concierto muy especial. En el men\u00fa de este d\u00eda est\u00e1n obras como &#8216;El amor brujo&#8217; de Falla o las &#8216;Danzas fant\u00e1sticas&#8217; de Turina. Para este concierto, la presencia notable de la cantaora Estrella Morente y el guitarrista Pepe Habichuela.<\/p>\n","protected":false},"excerpt":{"rendered":"<p>El mes de septiembre nos ofrece un men\u00fa de reinicio de temporadas y de cierre de festivales de verano que proponen m\u00fasicas variadas en la ciudad. 5 de septiembre El Festival de las Noches en los Jardines del Alc\u00e1zar alcanza las noches del final del verano en el jard\u00edn del cenador del palacio. Para este [&hellip;]<\/p>\n","protected":false},"author":7,"featured_media":3264,"comment_status":"closed","ping_status":"closed","sticky":false,"template":"","format":"standard","meta":[],"categories":[52],"tags":[124,76,87,61,89,88,79,64],"_links":{"self":[{"href":"https:\/\/coro.meridianos.org\/index.php\/wp-json\/wp\/v2\/posts\/3115"}],"collection":[{"href":"https:\/\/coro.meridianos.org\/index.php\/wp-json\/wp\/v2\/posts"}],"about":[{"href":"https:\/\/coro.meridianos.org\/index.php\/wp-json\/wp\/v2\/types\/post"}],"author":[{"embeddable":true,"href":"https:\/\/coro.meridianos.org\/index.php\/wp-json\/wp\/v2\/users\/7"}],"replies":[{"embeddable":true,"href":"https:\/\/coro.meridianos.org\/index.php\/wp-json\/wp\/v2\/comments?post=3115"}],"version-history":[{"count":2,"href":"https:\/\/coro.meridianos.org\/index.php\/wp-json\/wp\/v2\/posts\/3115\/revisions"}],"predecessor-version":[{"id":4558,"href":"https:\/\/coro.meridianos.org\/index.php\/wp-json\/wp\/v2\/posts\/3115\/revisions\/4558"}],"wp:featuredmedia":[{"embeddable":true,"href":"https:\/\/coro.meridianos.org\/index.php\/wp-json\/wp\/v2\/media\/3264"}],"wp:attachment":[{"href":"https:\/\/coro.meridianos.org\/index.php\/wp-json\/wp\/v2\/media?parent=3115"}],"wp:term":[{"taxonomy":"category","embeddable":true,"href":"https:\/\/coro.meridianos.org\/index.php\/wp-json\/wp\/v2\/categories?post=3115"},{"taxonomy":"post_tag","embeddable":true,"href":"https:\/\/coro.meridianos.org\/index.php\/wp-json\/wp\/v2\/tags?post=3115"}],"curies":[{"name":"wp","href":"https:\/\/api.w.org\/{rel}","templated":true}]}}