{"id":3107,"date":"2014-06-30T17:17:23","date_gmt":"2014-06-30T17:17:23","guid":{"rendered":"https:\/\/coro.meridianos.org\/?p=3107"},"modified":"2016-09-30T11:42:43","modified_gmt":"2016-09-30T11:42:43","slug":"reportaje-del-coro-meridianos-en-andalucia-directo","status":"publish","type":"post","link":"https:\/\/coro.meridianos.org\/index.php\/reportaje-del-coro-meridianos-en-andalucia-directo\/","title":{"rendered":"Reportaje del Coro Meridianos en Andaluc\u00eda Directo"},"content":{"rendered":"<p><iframe src=\"\/\/player.vimeo.com\/video\/99551050\" width=\"500\" height=\"281\" frameborder=\"0\" allowfullscreen=\"allowfullscreen\"><\/iframe><\/p>\n<p>El 12 de junio el reportero Fernando Garc\u00eda Hald\u00f3n retransmiti\u00f3 para toda Andaluc\u00eda el concierto del Coro Meridianos en la sede del Comisionado para el Pol\u00edgono Sur. Sali\u00f3 en directo en el programa Andaluc\u00eda Directo de Canal Sur.<\/p>\n","protected":false},"excerpt":{"rendered":"<p>El 12 de junio el reportero Fernando Garc\u00eda Hald\u00f3n retransmiti\u00f3 para toda Andaluc\u00eda el concierto del Coro Meridianos en la sede del Comisionado para el Pol\u00edgono Sur. Sali\u00f3 en directo en el programa Andaluc\u00eda Directo de Canal Sur.<\/p>\n","protected":false},"author":7,"featured_media":3561,"comment_status":"closed","ping_status":"closed","sticky":false,"template":"","format":"standard","meta":[],"categories":[60,53],"tags":[],"_links":{"self":[{"href":"https:\/\/coro.meridianos.org\/index.php\/wp-json\/wp\/v2\/posts\/3107"}],"collection":[{"href":"https:\/\/coro.meridianos.org\/index.php\/wp-json\/wp\/v2\/posts"}],"about":[{"href":"https:\/\/coro.meridianos.org\/index.php\/wp-json\/wp\/v2\/types\/post"}],"author":[{"embeddable":true,"href":"https:\/\/coro.meridianos.org\/index.php\/wp-json\/wp\/v2\/users\/7"}],"replies":[{"embeddable":true,"href":"https:\/\/coro.meridianos.org\/index.php\/wp-json\/wp\/v2\/comments?post=3107"}],"version-history":[{"count":2,"href":"https:\/\/coro.meridianos.org\/index.php\/wp-json\/wp\/v2\/posts\/3107\/revisions"}],"predecessor-version":[{"id":4574,"href":"https:\/\/coro.meridianos.org\/index.php\/wp-json\/wp\/v2\/posts\/3107\/revisions\/4574"}],"wp:featuredmedia":[{"embeddable":true,"href":"https:\/\/coro.meridianos.org\/index.php\/wp-json\/wp\/v2\/media\/3561"}],"wp:attachment":[{"href":"https:\/\/coro.meridianos.org\/index.php\/wp-json\/wp\/v2\/media?parent=3107"}],"wp:term":[{"taxonomy":"category","embeddable":true,"href":"https:\/\/coro.meridianos.org\/index.php\/wp-json\/wp\/v2\/categories?post=3107"},{"taxonomy":"post_tag","embeddable":true,"href":"https:\/\/coro.meridianos.org\/index.php\/wp-json\/wp\/v2\/tags?post=3107"}],"curies":[{"name":"wp","href":"https:\/\/api.w.org\/{rel}","templated":true}]}}