{"id":3105,"date":"2014-06-20T10:30:17","date_gmt":"2014-06-20T10:30:17","guid":{"rendered":"https:\/\/coro.meridianos.org\/?p=3105"},"modified":"2016-09-30T11:36:33","modified_gmt":"2016-09-30T11:36:33","slug":"el-coro-meridianos-cierra-su-primer-ano-con-una-fiesta-con-musicas-del-mundo","status":"publish","type":"post","link":"https:\/\/coro.meridianos.org\/index.php\/el-coro-meridianos-cierra-su-primer-ano-con-una-fiesta-con-musicas-del-mundo\/","title":{"rendered":"El coro Meridianos cierra su primer a\u00f1o con una fiesta con m\u00fasicas del mundo"},"content":{"rendered":"<p><a href=\"https:\/\/coro.meridianos.org\/wp-content\/uploads\/2014\/06\/Coro-Meridianos-1206143.jpg\"><img loading=\"lazy\" class=\"aligncenter size-large wp-image-3220\" src=\"https:\/\/coro.meridianos.org\/wp-content\/uploads\/2014\/06\/Coro-Meridianos-1206143-1024x634.jpg\" alt=\"Coro Meridianos 1206143\" width=\"960\" height=\"594\" srcset=\"https:\/\/coro.meridianos.org\/wp-content\/uploads\/2014\/06\/Coro-Meridianos-1206143-1024x634.jpg 1024w, https:\/\/coro.meridianos.org\/wp-content\/uploads\/2014\/06\/Coro-Meridianos-1206143-300x185.jpg 300w\" sizes=\"(max-width: 960px) 100vw, 960px\" \/><\/a>Los nervios no pudieron con los ni\u00f1os del Coro Meridianos. A pesar de que Canal Sur los estaba entrevistando en directo solo minutos antes de su debut en la sede del Comisionado para el Pol\u00edgono Sur el pasado 12 de junio, mantuvieron el temple y supieron sacar lo mejor de su talento para ofrecer un viaje musical alrededor del mundo.<\/p>\n<p><!--more-->El concierto de primavera cerraba as\u00ed este primer curso del coro, con los 16 integrantes vestidos con mucho color dando un viaje alrededor del mundo a trav\u00e9s de la m\u00fasica, pero tambi\u00e9n a trav\u00e9s de la danza y del propio vestuario, que nos iba transportando de un Oriente Lejano a una tarde en el parque y de ah\u00ed hasta la orilla del Caribe.<\/p>\n<p>El concierto vivi\u00f3 un lleno absoluto en el sal\u00f3n de actos de la sede del Comisionado para el Pol\u00edgono Sur y cont\u00f3 con la presencia de la comisionada, Mar\u00eda del Mar Gonz\u00e1lez, que qued\u00f3 entusiasmada tras ver la actuaci\u00f3n del conjunto.<\/p>\n<p>Los integrantes del coro comenzaron con su actuaci\u00f3n a las ocho de la tarde y durante casi una hora deleitaron al p\u00fablico con piezas en diferentes idiomas que iban desde Jap\u00f3n a Cuba pasando por un Nueva York con mucho swing y por la Venecia de las naves catedralicias de San Marco. Un ejemplo de estas canciones fue la cuidada coreograf\u00eda que exhibieron en la canci\u00f3n oriental \u2018Akai Hana\u2019 o la solemnidad que demostraron al interpretar el \u2018Ave Mar\u00eda\u2019 de Caccini.<\/p>\n<p>Entre aplausos despidieron los asistentes a estos cantores que cierran el curso tras un a\u00f1o de aprendizaje y de empaparse de los valores de la m\u00fasica, en un a\u00f1o en el que han pasado m\u00e1s de 36 ni\u00f1os por el Coro Meridianos, que ya est\u00e1 pensando en el curso que viene con muchas ideas y m\u00e1s ambici\u00f3n.<\/p>\n","protected":false},"excerpt":{"rendered":"<p>Los nervios no pudieron con los ni\u00f1os del Coro Meridianos. A pesar de que Canal Sur los estaba entrevistando en directo solo minutos antes de su debut en la sede del Comisionado para el Pol\u00edgono Sur el pasado 12 de junio, mantuvieron el temple y supieron sacar lo mejor de su talento para ofrecer un [&hellip;]<\/p>\n","protected":false},"author":7,"featured_media":3262,"comment_status":"closed","ping_status":"closed","sticky":false,"template":"","format":"standard","meta":[],"categories":[52],"tags":[],"_links":{"self":[{"href":"https:\/\/coro.meridianos.org\/index.php\/wp-json\/wp\/v2\/posts\/3105"}],"collection":[{"href":"https:\/\/coro.meridianos.org\/index.php\/wp-json\/wp\/v2\/posts"}],"about":[{"href":"https:\/\/coro.meridianos.org\/index.php\/wp-json\/wp\/v2\/types\/post"}],"author":[{"embeddable":true,"href":"https:\/\/coro.meridianos.org\/index.php\/wp-json\/wp\/v2\/users\/7"}],"replies":[{"embeddable":true,"href":"https:\/\/coro.meridianos.org\/index.php\/wp-json\/wp\/v2\/comments?post=3105"}],"version-history":[{"count":5,"href":"https:\/\/coro.meridianos.org\/index.php\/wp-json\/wp\/v2\/posts\/3105\/revisions"}],"predecessor-version":[{"id":4557,"href":"https:\/\/coro.meridianos.org\/index.php\/wp-json\/wp\/v2\/posts\/3105\/revisions\/4557"}],"wp:featuredmedia":[{"embeddable":true,"href":"https:\/\/coro.meridianos.org\/index.php\/wp-json\/wp\/v2\/media\/3262"}],"wp:attachment":[{"href":"https:\/\/coro.meridianos.org\/index.php\/wp-json\/wp\/v2\/media?parent=3105"}],"wp:term":[{"taxonomy":"category","embeddable":true,"href":"https:\/\/coro.meridianos.org\/index.php\/wp-json\/wp\/v2\/categories?post=3105"},{"taxonomy":"post_tag","embeddable":true,"href":"https:\/\/coro.meridianos.org\/index.php\/wp-json\/wp\/v2\/tags?post=3105"}],"curies":[{"name":"wp","href":"https:\/\/api.w.org\/{rel}","templated":true}]}}