{"id":3071,"date":"2014-06-19T16:37:37","date_gmt":"2014-06-19T16:37:37","guid":{"rendered":"https:\/\/coro.meridianos.org\/?p=3071"},"modified":"2016-09-30T11:58:33","modified_gmt":"2016-09-30T11:58:33","slug":"el-coro-meridianos-ensaya-duerme-negrito-con-coreografia","status":"publish","type":"post","link":"https:\/\/coro.meridianos.org\/index.php\/el-coro-meridianos-ensaya-duerme-negrito-con-coreografia\/","title":{"rendered":"El Coro Meridianos ensaya &#8216;Duerme negrito&#8217; con coreograf\u00eda"},"content":{"rendered":"<p><iframe src=\"\/\/player.vimeo.com\/video\/98649875\" width=\"500\" height=\"281\" frameborder=\"0\" allowfullscreen=\"allowfullscreen\"><\/iframe><\/p>\n<p>El Coro Meridianos interpreta en la convivencia del pasado mes de abril la canci\u00f3n de aires caribe\u00f1os &#8216;Duerme negrito&#8217;, con la coreograf\u00eda con la que se acompa\u00f1\u00f3 en el concierto en la sede del Comisionado para el Pol\u00edgono Sur el pasado 12 de junio.<\/p>\n","protected":false},"excerpt":{"rendered":"<p>El Coro Meridianos interpreta en la convivencia del pasado mes de abril la canci\u00f3n de aires caribe\u00f1os &#8216;Duerme negrito&#8217;, con la coreograf\u00eda con la que se acompa\u00f1\u00f3 en el concierto en la sede del Comisionado para el Pol\u00edgono Sur el pasado 12 de junio.<\/p>\n","protected":false},"author":7,"featured_media":3073,"comment_status":"closed","ping_status":"closed","sticky":false,"template":"","format":"standard","meta":[],"categories":[53],"tags":[],"_links":{"self":[{"href":"https:\/\/coro.meridianos.org\/index.php\/wp-json\/wp\/v2\/posts\/3071"}],"collection":[{"href":"https:\/\/coro.meridianos.org\/index.php\/wp-json\/wp\/v2\/posts"}],"about":[{"href":"https:\/\/coro.meridianos.org\/index.php\/wp-json\/wp\/v2\/types\/post"}],"author":[{"embeddable":true,"href":"https:\/\/coro.meridianos.org\/index.php\/wp-json\/wp\/v2\/users\/7"}],"replies":[{"embeddable":true,"href":"https:\/\/coro.meridianos.org\/index.php\/wp-json\/wp\/v2\/comments?post=3071"}],"version-history":[{"count":2,"href":"https:\/\/coro.meridianos.org\/index.php\/wp-json\/wp\/v2\/posts\/3071\/revisions"}],"predecessor-version":[{"id":4633,"href":"https:\/\/coro.meridianos.org\/index.php\/wp-json\/wp\/v2\/posts\/3071\/revisions\/4633"}],"wp:featuredmedia":[{"embeddable":true,"href":"https:\/\/coro.meridianos.org\/index.php\/wp-json\/wp\/v2\/media\/3073"}],"wp:attachment":[{"href":"https:\/\/coro.meridianos.org\/index.php\/wp-json\/wp\/v2\/media?parent=3071"}],"wp:term":[{"taxonomy":"category","embeddable":true,"href":"https:\/\/coro.meridianos.org\/index.php\/wp-json\/wp\/v2\/categories?post=3071"},{"taxonomy":"post_tag","embeddable":true,"href":"https:\/\/coro.meridianos.org\/index.php\/wp-json\/wp\/v2\/tags?post=3071"}],"curies":[{"name":"wp","href":"https:\/\/api.w.org\/{rel}","templated":true}]}}