{"id":3068,"date":"2014-06-19T14:05:00","date_gmt":"2014-06-19T14:05:00","guid":{"rendered":"https:\/\/coro.meridianos.org\/?p=3068"},"modified":"2016-09-30T11:58:20","modified_gmt":"2016-09-30T11:58:20","slug":"el-coro-meridianos-ensaya-una-cancion-japonesa","status":"publish","type":"post","link":"https:\/\/coro.meridianos.org\/index.php\/el-coro-meridianos-ensaya-una-cancion-japonesa\/","title":{"rendered":"El Coro Meridianos ensaya una canci\u00f3n japonesa"},"content":{"rendered":"<p><iframe src=\"\/\/player.vimeo.com\/video\/98636739\" width=\"500\" height=\"281\" frameborder=\"0\" allowfullscreen=\"allowfullscreen\"><\/iframe><\/p>\n<p>El Coro Meridianos durante la convivencia del pasado mes de abril ensayando con ayuda de un core\u00f3grafo la canci\u00f3n de origen japon\u00e9s &#8216;Akai Hana&#8217;, que luego fue interpretada en el concierto de fin de curso en la sede del Comisionado para el Pol\u00edgono Sur.<\/p>\n","protected":false},"excerpt":{"rendered":"<p>El Coro Meridianos durante la convivencia del pasado mes de abril ensayando con ayuda de un core\u00f3grafo la canci\u00f3n de origen japon\u00e9s &#8216;Akai Hana&#8217;, que luego fue interpretada en el concierto de fin de curso en la sede del Comisionado para el Pol\u00edgono Sur.<\/p>\n","protected":false},"author":7,"featured_media":3070,"comment_status":"closed","ping_status":"closed","sticky":false,"template":"","format":"standard","meta":[],"categories":[53],"tags":[],"_links":{"self":[{"href":"https:\/\/coro.meridianos.org\/index.php\/wp-json\/wp\/v2\/posts\/3068"}],"collection":[{"href":"https:\/\/coro.meridianos.org\/index.php\/wp-json\/wp\/v2\/posts"}],"about":[{"href":"https:\/\/coro.meridianos.org\/index.php\/wp-json\/wp\/v2\/types\/post"}],"author":[{"embeddable":true,"href":"https:\/\/coro.meridianos.org\/index.php\/wp-json\/wp\/v2\/users\/7"}],"replies":[{"embeddable":true,"href":"https:\/\/coro.meridianos.org\/index.php\/wp-json\/wp\/v2\/comments?post=3068"}],"version-history":[{"count":3,"href":"https:\/\/coro.meridianos.org\/index.php\/wp-json\/wp\/v2\/posts\/3068\/revisions"}],"predecessor-version":[{"id":4632,"href":"https:\/\/coro.meridianos.org\/index.php\/wp-json\/wp\/v2\/posts\/3068\/revisions\/4632"}],"wp:featuredmedia":[{"embeddable":true,"href":"https:\/\/coro.meridianos.org\/index.php\/wp-json\/wp\/v2\/media\/3070"}],"wp:attachment":[{"href":"https:\/\/coro.meridianos.org\/index.php\/wp-json\/wp\/v2\/media?parent=3068"}],"wp:term":[{"taxonomy":"category","embeddable":true,"href":"https:\/\/coro.meridianos.org\/index.php\/wp-json\/wp\/v2\/categories?post=3068"},{"taxonomy":"post_tag","embeddable":true,"href":"https:\/\/coro.meridianos.org\/index.php\/wp-json\/wp\/v2\/tags?post=3068"}],"curies":[{"name":"wp","href":"https:\/\/api.w.org\/{rel}","templated":true}]}}