{"id":3060,"date":"2014-06-05T14:14:52","date_gmt":"2014-06-05T14:14:52","guid":{"rendered":"https:\/\/coro.meridianos.org\/?p=3060"},"modified":"2016-09-30T11:36:17","modified_gmt":"2016-09-30T11:36:17","slug":"el-coro-meridianos-dara-un-concierto-en-la-sede-del-comisionado-del-poligono-sur-el-12-de-junio","status":"publish","type":"post","link":"https:\/\/coro.meridianos.org\/index.php\/el-coro-meridianos-dara-un-concierto-en-la-sede-del-comisionado-del-poligono-sur-el-12-de-junio\/","title":{"rendered":"Concierto del coro Meridianos en la sede del Comisionado para el Pol\u00edgono Sur"},"content":{"rendered":"<p><a href=\"https:\/\/coro.meridianos.org\/wp-content\/uploads\/2014\/06\/DSC_0514.jpg\"><img loading=\"lazy\" class=\"aligncenter size-post-slider-bottom wp-image-3066\" src=\"https:\/\/coro.meridianos.org\/wp-content\/uploads\/2014\/06\/DSC_0514-650x385.jpg\" alt=\"DSC_0514\" width=\"650\" height=\"385\" \/><\/a><\/p>\n<p>El Coro Meridianos, integrado por ni\u00f1os de los colegios del Pol\u00edgono Sur, dar\u00e1 <strong>el pr\u00f3ximo 12 de junio a las 20.00<\/strong> su segundo concierto en la sede del Comisionado para el Pol\u00edgono Sur (Avenida de la Paz s\/n). Este ser\u00e1 el primero de los conciertos de primavera tras el \u00e9xito del concierto de presentaci\u00f3n el pasado mes de diciembre.<\/p>\n<p><!--more-->Rafael de Carlos, director de la formaci\u00f3n, ha preparado con el Coro Meridianos un programa de nuevas obras, que ser\u00e1n acompa\u00f1adas de baile y ritmo a trav\u00e9s de las coreograf\u00edas que se han incorporado en las canciones. En este recital <strong>abarcar\u00e1n obras y canciones infantiles que van desde los sones caribe\u00f1os hasta canciones m\u00e1s m\u00edsticas de origen oriental<\/strong>.<\/p>\n<p>El Coro Meridianos <strong>ya dio un primer concierto el pasado mes de diciembre en su sede, el Colegio Fray Bartolom\u00e9 de las Casas<\/strong>. En aquella noche de v\u00edspera navide\u00f1a los padres de los coralistas y personalidades del Pol\u00edgono Sur pudieron ver el trabajo realizado durante los primeros meses de andadura del conjunto. Ahora que casi termina el a\u00f1o escolar, los ni\u00f1os mostrar\u00e1n en el sal\u00f3n de actos de la sede del Comisionado del Pol\u00edgono Sur sus avances en el aprendizaje musical durante este primer curso.<\/p>\n<p><strong>El concierto del 12 de junio cuenta con el respaldo del equipo del Comisionado para el Pol\u00edgono Sur y el Ayuntamiento de Sevilla<\/strong>, que han cedido sus instalaciones para la ocasi\u00f3n.<\/p>\n","protected":false},"excerpt":{"rendered":"<p>El Coro Meridianos, integrado por ni\u00f1os de los colegios del Pol\u00edgono Sur, dar\u00e1 el pr\u00f3ximo 12 de junio a las 20.00 su segundo concierto en la sede del Comisionado para el Pol\u00edgono Sur (Avenida de la Paz s\/n). Este ser\u00e1 el primero de los conciertos de primavera tras el \u00e9xito del concierto de presentaci\u00f3n el [&hellip;]<\/p>\n","protected":false},"author":7,"featured_media":3263,"comment_status":"closed","ping_status":"closed","sticky":false,"template":"","format":"standard","meta":[],"categories":[52],"tags":[124,86,48,84,61,85,64],"_links":{"self":[{"href":"https:\/\/coro.meridianos.org\/index.php\/wp-json\/wp\/v2\/posts\/3060"}],"collection":[{"href":"https:\/\/coro.meridianos.org\/index.php\/wp-json\/wp\/v2\/posts"}],"about":[{"href":"https:\/\/coro.meridianos.org\/index.php\/wp-json\/wp\/v2\/types\/post"}],"author":[{"embeddable":true,"href":"https:\/\/coro.meridianos.org\/index.php\/wp-json\/wp\/v2\/users\/7"}],"replies":[{"embeddable":true,"href":"https:\/\/coro.meridianos.org\/index.php\/wp-json\/wp\/v2\/comments?post=3060"}],"version-history":[{"count":7,"href":"https:\/\/coro.meridianos.org\/index.php\/wp-json\/wp\/v2\/posts\/3060\/revisions"}],"predecessor-version":[{"id":4556,"href":"https:\/\/coro.meridianos.org\/index.php\/wp-json\/wp\/v2\/posts\/3060\/revisions\/4556"}],"wp:featuredmedia":[{"embeddable":true,"href":"https:\/\/coro.meridianos.org\/index.php\/wp-json\/wp\/v2\/media\/3263"}],"wp:attachment":[{"href":"https:\/\/coro.meridianos.org\/index.php\/wp-json\/wp\/v2\/media?parent=3060"}],"wp:term":[{"taxonomy":"category","embeddable":true,"href":"https:\/\/coro.meridianos.org\/index.php\/wp-json\/wp\/v2\/categories?post=3060"},{"taxonomy":"post_tag","embeddable":true,"href":"https:\/\/coro.meridianos.org\/index.php\/wp-json\/wp\/v2\/tags?post=3060"}],"curies":[{"name":"wp","href":"https:\/\/api.w.org\/{rel}","templated":true}]}}