{"id":3057,"date":"2014-06-04T19:13:09","date_gmt":"2014-06-04T19:13:09","guid":{"rendered":"https:\/\/coro.meridianos.org\/?p=3057"},"modified":"2014-11-12T10:11:50","modified_gmt":"2014-11-12T10:11:50","slug":"agenda-musical-de-junio-en-sevilla","status":"publish","type":"post","link":"https:\/\/coro.meridianos.org\/index.php\/agenda-musical-de-junio-en-sevilla\/","title":{"rendered":"Agenda musical de junio en Sevilla"},"content":{"rendered":"<p><a href=\"https:\/\/coro.meridianos.org\/wp-content\/uploads\/2014\/06\/uri-caine.jpg\"><img loading=\"lazy\" class=\"aligncenter size-full wp-image-3058\" alt=\"uri caine\" src=\"https:\/\/coro.meridianos.org\/wp-content\/uploads\/2014\/06\/uri-caine.jpg\" width=\"1264\" height=\"842\" srcset=\"https:\/\/coro.meridianos.org\/wp-content\/uploads\/2014\/06\/uri-caine.jpg 1264w, https:\/\/coro.meridianos.org\/wp-content\/uploads\/2014\/06\/uri-caine-300x199.jpg 300w, https:\/\/coro.meridianos.org\/wp-content\/uploads\/2014\/06\/uri-caine-1024x682.jpg 1024w\" sizes=\"(max-width: 1264px) 100vw, 1264px\" \/><\/a><\/p>\n<p>El mes de junio nos ofrece un men\u00fa de conciertos en distintos escenarios de la ciudad.<\/p>\n<h3><!--more-->6 de junio<\/h3>\n<p>El Palacio de San Telmo vuelve a abrir las puertas de su capilla a los conjuntos de c\u00e1mara de la Academia de Estudios Orquestales de la Fundaci\u00f3n Barenboim-Said. En esta ocasi\u00f3n, ser\u00e1 el <span style=\"text-decoration: underline;\">Petit D\u00fao<\/span> \u2013clarinete y piano- el que ponga m\u00fasica a la tarde junto al r\u00edo. El programa est\u00e1 a\u00fan por determinar.<\/p>\n<h3>8 de junio<\/h3>\n<p>El prestigioso pianista estadounidense <span style=\"text-decoration: underline;\">Uri Caine llega acompa\u00f1ando a la Orquesta de C\u00f3rdoba<\/span> a las tablas del Teatro de la Maestranza. En el programa, su interesante revisi\u00f3n de la \u2018Suite Iberia\u2019 de Alb\u00e9niz. El pianista ha sido aplaudido por su versi\u00f3n para peque\u00f1o conjunto de otras obras m\u00edticas como las oberturas de las \u00f3peras de Wagner. Completan el men\u00fa el \u2018Capricho espa\u00f1ol\u2019 de Rimski-Korsakov, las \u2018Danzas fant\u00e1sticas\u2019 de Turina y dos fragmentos de \u2018La vida breve\u2019 de Falla.<\/p>\n<h3>13 de junio<\/h3>\n<p>El Palacio de San Telmo vuelve a abrir las puertas de su capilla a los conjuntos de c\u00e1mara de la Academia de Estudios Orquestales de la Fundaci\u00f3n Barenboim-Said. En esta ocasi\u00f3n, ser\u00e1n los <span style=\"text-decoration: underline;\">grupos de c\u00e1mara del Conservatorio Superior de M\u00fasica Manuel del Castillo<\/span> los que amenicen la tarde con un programa de Beethoven y Elgar.<\/p>\n<h3>14, 17 y 20 de junio<\/h3>\n<p>La \u00f3pera vuelve al Teatro de la Maestranza para cerrar la tetralog\u00eda wagneriana del Anillo del Nibelungo. La cuarta entrega de esta colecci\u00f3n mitol\u00f3gica de altura, <span style=\"text-decoration: underline;\">\u2018El ocaso de los dioses\u2019<\/span>, llega al Maestranza firmada por una concepci\u00f3n esc\u00e9nica de La Fura dels Baus. En esta ocasi\u00f3n, el papel de Siegfried es para Stefan Vinke, y Brunilda ser\u00e1 interpretada por Linda Watson. En el foso, estar\u00e1 la Real Orquesta Sinf\u00f3nica de Sevilla dirigida por Pedro Halffter.<\/p>\n<h3>20 de junio<\/h3>\n<p>El Palacio de San Telmo vuelve a abrir las puertas de su capilla a los conjuntos de c\u00e1mara de la Academia de Estudios Orquestales de la Fundaci\u00f3n Barenboim-Said. En esta tarde, se encargar\u00e1n de la m\u00fasica los integrantes de <span style=\"text-decoration: underline;\">L\u2019animal sonore<\/span>. Han escogido un men\u00fa de m\u00fasica para viola da gamba con obras de Boismortier, Couperin y Marais.<\/p>\n<h3>21 de junio<\/h3>\n<p>La <span style=\"text-decoration: underline;\">Orquesta B\u00e9tica de C\u00e1mara<\/span> cierra la temporada en el Centro Cultural Cajasol con un interesante concierto que recorre Europa de Noruega al coraz\u00f3n de Espa\u00f1a. Abre el concierto, que comenzar\u00e1 a las 12.30, la suite \u2018En los tiempos de Holberg\u2019 de Eduard Grieg; para seguir con el \u2018Concierto de Aranjuez\u2019 de Rodrigo y la \u2018Sinfon\u00eda en Do\u2019 de Bizet.<\/p>\n<h3>26 y 27 de junio<\/h3>\n<p>La <span style=\"text-decoration: underline;\">Real Orquesta Sinf\u00f3nica de Sevilla<\/span> cierra su temporada de abono en el Teatro de la Maestranza con un broche mahleriano. La \u2018Novena Sinfon\u00eda\u2019 del compositor nos muestra a un Mahler con un complejo mundo interior. En esta ocasi\u00f3n, la sinfon\u00eda ir\u00e1 precedida de la obertura de \u2018Rienzi\u2019, de Wagner.<\/p>\n","protected":false},"excerpt":{"rendered":"<p>El mes de junio nos ofrece un men\u00fa de conciertos en distintos escenarios de la ciudad.<\/p>\n","protected":false},"author":7,"featured_media":3269,"comment_status":"closed","ping_status":"closed","sticky":false,"template":"","format":"standard","meta":[],"categories":[52],"tags":[124,76,83,81,82,77,61,80,78,79,64],"_links":{"self":[{"href":"https:\/\/coro.meridianos.org\/index.php\/wp-json\/wp\/v2\/posts\/3057"}],"collection":[{"href":"https:\/\/coro.meridianos.org\/index.php\/wp-json\/wp\/v2\/posts"}],"about":[{"href":"https:\/\/coro.meridianos.org\/index.php\/wp-json\/wp\/v2\/types\/post"}],"author":[{"embeddable":true,"href":"https:\/\/coro.meridianos.org\/index.php\/wp-json\/wp\/v2\/users\/7"}],"replies":[{"embeddable":true,"href":"https:\/\/coro.meridianos.org\/index.php\/wp-json\/wp\/v2\/comments?post=3057"}],"version-history":[{"count":1,"href":"https:\/\/coro.meridianos.org\/index.php\/wp-json\/wp\/v2\/posts\/3057\/revisions"}],"predecessor-version":[{"id":3059,"href":"https:\/\/coro.meridianos.org\/index.php\/wp-json\/wp\/v2\/posts\/3057\/revisions\/3059"}],"wp:featuredmedia":[{"embeddable":true,"href":"https:\/\/coro.meridianos.org\/index.php\/wp-json\/wp\/v2\/media\/3269"}],"wp:attachment":[{"href":"https:\/\/coro.meridianos.org\/index.php\/wp-json\/wp\/v2\/media?parent=3057"}],"wp:term":[{"taxonomy":"category","embeddable":true,"href":"https:\/\/coro.meridianos.org\/index.php\/wp-json\/wp\/v2\/categories?post=3057"},{"taxonomy":"post_tag","embeddable":true,"href":"https:\/\/coro.meridianos.org\/index.php\/wp-json\/wp\/v2\/tags?post=3057"}],"curies":[{"name":"wp","href":"https:\/\/api.w.org\/{rel}","templated":true}]}}