{"id":3053,"date":"2014-06-04T19:01:32","date_gmt":"2014-06-04T19:01:32","guid":{"rendered":"https:\/\/coro.meridianos.org\/?p=3053"},"modified":"2014-11-14T10:41:09","modified_gmt":"2014-11-14T10:41:09","slug":"una-opera-con-sones-de-cornetas-y-tambores","status":"publish","type":"post","link":"https:\/\/coro.meridianos.org\/index.php\/una-opera-con-sones-de-cornetas-y-tambores\/","title":{"rendered":"Una \u00f3pera con sones de cornetas y tambores"},"content":{"rendered":"<p><a href=\"https:\/\/coro.meridianos.org\/wp-content\/uploads\/2014\/06\/opera-de-la-fe.jpg\"><img loading=\"lazy\" class=\"size-full wp-image-3054 alignleft\" alt=\"opera de la fe\" src=\"https:\/\/coro.meridianos.org\/wp-content\/uploads\/2014\/06\/opera-de-la-fe.jpg\" width=\"217\" height=\"300\" \/><\/a>Algunos pudieron vivir el pasado 23 de mayo un espect\u00e1culo inusual en la Plaza Nueva, junto al Ayuntamiento de Sevilla. All\u00ed se ensayaban algunas escenas de lo que ser\u00e1 dentro de unos d\u00edas <strong>la \u00f3pera \u2018Luz de luz\u2019<\/strong>, organizada por la compa\u00f1\u00eda \u00d3pera de la Fe.<\/p>\n<p><!--more-->El espect\u00e1culo, que pretende llevar a la ciudad de Sevilla una \u00f3pera religiosa del siglo XXI, <strong>realizaba hace unos meses un c\u00e1sting para elegir 300 figurantes, entre ellos 60 ni\u00f1os que tuvieran cualidades musicales<\/strong>, y de ellos, tres solistas.<\/p>\n<p>La idea nace \u201ca partir de los sentimientos religiosos comunes a un grupo de personas unidas por la inspiraci\u00f3n surgida a ra\u00edz de charlas, tertulias y pasiones comunes despertadas por este sentir, que pertenece a nuestra comunidad y toda la sociedad\u201d.<\/p>\n<p>La idea toma consistencia y forma, materializ\u00e1ndose y culminando en una composici\u00f3n de una obra m\u00fasico-cultural de gran formato, exclusiva, innovadora y \u00fanica, que propone en su desarrollo la creaci\u00f3n de un espect\u00e1culo para p\u00fablico en general <strong>que no solo se represente en Sevilla, sino que luego viaje a otras ciudades<\/strong>.<\/p>\n<p>A partir de esta composici\u00f3n musical de gran formato, se consigue crear algo \u00fanico hasta ahora: aunar la tradici\u00f3n, plasmada en motivos y m\u00fasica recurrente de nuestro patrimonio art\u00edstico musical (fragmentos de marchas, saetas, coros\u2026), con el estilo contempor\u00e1neo propio del autor, Jos\u00e9 U\u00f1\u00f3n Toro.<\/p>\n<p><strong>El estreno ser\u00e1 los d\u00edas 14 y 15 de junio en Fibes<\/strong>, en el nuevo auditorio del Palacio de Congresos.<\/p>\n","protected":false},"excerpt":{"rendered":"<p>Algunos pudieron vivir el pasado 23 de mayo un espect\u00e1culo inusual en la Plaza Nueva, junto al Ayuntamiento de Sevilla. All\u00ed se ensayaban algunas escenas de lo que ser\u00e1 dentro de unos d\u00edas la \u00f3pera \u2018Luz de luz\u2019, organizada por la compa\u00f1\u00eda \u00d3pera de la Fe.<\/p>\n","protected":false},"author":7,"featured_media":3309,"comment_status":"closed","ping_status":"closed","sticky":false,"template":"","format":"standard","meta":[],"categories":[55],"tags":[74,71,75,73,70,69,72,64],"_links":{"self":[{"href":"https:\/\/coro.meridianos.org\/index.php\/wp-json\/wp\/v2\/posts\/3053"}],"collection":[{"href":"https:\/\/coro.meridianos.org\/index.php\/wp-json\/wp\/v2\/posts"}],"about":[{"href":"https:\/\/coro.meridianos.org\/index.php\/wp-json\/wp\/v2\/types\/post"}],"author":[{"embeddable":true,"href":"https:\/\/coro.meridianos.org\/index.php\/wp-json\/wp\/v2\/users\/7"}],"replies":[{"embeddable":true,"href":"https:\/\/coro.meridianos.org\/index.php\/wp-json\/wp\/v2\/comments?post=3053"}],"version-history":[{"count":1,"href":"https:\/\/coro.meridianos.org\/index.php\/wp-json\/wp\/v2\/posts\/3053\/revisions"}],"predecessor-version":[{"id":3055,"href":"https:\/\/coro.meridianos.org\/index.php\/wp-json\/wp\/v2\/posts\/3053\/revisions\/3055"}],"wp:featuredmedia":[{"embeddable":true,"href":"https:\/\/coro.meridianos.org\/index.php\/wp-json\/wp\/v2\/media\/3309"}],"wp:attachment":[{"href":"https:\/\/coro.meridianos.org\/index.php\/wp-json\/wp\/v2\/media?parent=3053"}],"wp:term":[{"taxonomy":"category","embeddable":true,"href":"https:\/\/coro.meridianos.org\/index.php\/wp-json\/wp\/v2\/categories?post=3053"},{"taxonomy":"post_tag","embeddable":true,"href":"https:\/\/coro.meridianos.org\/index.php\/wp-json\/wp\/v2\/tags?post=3053"}],"curies":[{"name":"wp","href":"https:\/\/api.w.org\/{rel}","templated":true}]}}