{"id":3048,"date":"2014-06-04T18:55:57","date_gmt":"2014-06-04T18:55:57","guid":{"rendered":"https:\/\/coro.meridianos.org\/?p=3048"},"modified":"2014-11-14T10:49:51","modified_gmt":"2014-11-14T10:49:51","slug":"el-conservatorio-francisco-guerrero-cumple-25-anos-de-buena-musica","status":"publish","type":"post","link":"https:\/\/coro.meridianos.org\/index.php\/el-conservatorio-francisco-guerrero-cumple-25-anos-de-buena-musica\/","title":{"rendered":"El Conservatorio Francisco Guerrero cumple 25 a\u00f1os"},"content":{"rendered":"<p style=\"text-align: center;\"><a href=\"https:\/\/coro.meridianos.org\/wp-content\/uploads\/2014\/06\/conservatorio.jpg\"><img loading=\"lazy\" class=\"size-full wp-image-3049 aligncenter\" alt=\"conservatorio\" src=\"https:\/\/coro.meridianos.org\/wp-content\/uploads\/2014\/06\/conservatorio.jpg\" width=\"480\" height=\"260\" srcset=\"https:\/\/coro.meridianos.org\/wp-content\/uploads\/2014\/06\/conservatorio.jpg 480w, https:\/\/coro.meridianos.org\/wp-content\/uploads\/2014\/06\/conservatorio-300x162.jpg 300w\" sizes=\"(max-width: 480px) 100vw, 480px\" \/><\/a><\/p>\n<p>El <a href=\"http:\/\/conservatoriofranciscoguerrero.es\/\" target=\"_blank\">Conservatorio Francisco Guerrero<\/a>, conocido vulgarmente como \u2018el Matadero\u2019 y con sede en el antiguo edificio industrial de Ram\u00f3n y Cajal <strong>celebra durante 2014 sus 25 a\u00f1os de vida.<\/strong><\/p>\n<p><!--more-->Con <strong>una gran fiesta de nueve d\u00edas de duraci\u00f3n<\/strong> han comenzado los festejos para lo que es una fiesta de la m\u00fasica en la ciudad. Tras esos nueve d\u00edas de conciertos, talleres de baile, exposiciones, masterclasses, visitas al edificio neomud\u00e9jar y conferencias; los alumnos del conservatorio realizaron la semana pasada como colof\u00f3n del curso una gira externa que comenz\u00f3 en centros c\u00edvicos como el de Soto, Saborido y Acosta en Nervi\u00f3n y pas\u00f3 por el Centro Cultural Cajasol para terminar con unos conciertos de una de las orquestas del centro en el Algarve portugu\u00e9s.<\/p>\n<p>El centro, regido por el m\u00fasico Albert Sunyer, se est\u00e1 convirtiendo en un lugar en el que est\u00e1n implantando nuevas metodolog\u00edas y la escucha activa y educaci\u00f3n del o\u00eddo como motores de un aprendizaje musical que ya est\u00e1 dando sus resultados en los ni\u00f1os y j\u00f3venes que estudian en el centro.<\/p>\n","protected":false},"excerpt":{"rendered":"<p>El Conservatorio Francisco Guerrero, conocido vulgarmente como \u2018el Matadero\u2019 y con sede en el antiguo edificio industrial de Ram\u00f3n y Cajal celebra durante 2014 sus 25 a\u00f1os de vida.<\/p>\n","protected":false},"author":7,"featured_media":3310,"comment_status":"closed","ping_status":"closed","sticky":false,"template":"","format":"standard","meta":[],"categories":[55],"tags":[67,68,62,61,64],"_links":{"self":[{"href":"https:\/\/coro.meridianos.org\/index.php\/wp-json\/wp\/v2\/posts\/3048"}],"collection":[{"href":"https:\/\/coro.meridianos.org\/index.php\/wp-json\/wp\/v2\/posts"}],"about":[{"href":"https:\/\/coro.meridianos.org\/index.php\/wp-json\/wp\/v2\/types\/post"}],"author":[{"embeddable":true,"href":"https:\/\/coro.meridianos.org\/index.php\/wp-json\/wp\/v2\/users\/7"}],"replies":[{"embeddable":true,"href":"https:\/\/coro.meridianos.org\/index.php\/wp-json\/wp\/v2\/comments?post=3048"}],"version-history":[{"count":5,"href":"https:\/\/coro.meridianos.org\/index.php\/wp-json\/wp\/v2\/posts\/3048\/revisions"}],"predecessor-version":[{"id":3313,"href":"https:\/\/coro.meridianos.org\/index.php\/wp-json\/wp\/v2\/posts\/3048\/revisions\/3313"}],"wp:featuredmedia":[{"embeddable":true,"href":"https:\/\/coro.meridianos.org\/index.php\/wp-json\/wp\/v2\/media\/3310"}],"wp:attachment":[{"href":"https:\/\/coro.meridianos.org\/index.php\/wp-json\/wp\/v2\/media?parent=3048"}],"wp:term":[{"taxonomy":"category","embeddable":true,"href":"https:\/\/coro.meridianos.org\/index.php\/wp-json\/wp\/v2\/categories?post=3048"},{"taxonomy":"post_tag","embeddable":true,"href":"https:\/\/coro.meridianos.org\/index.php\/wp-json\/wp\/v2\/tags?post=3048"}],"curies":[{"name":"wp","href":"https:\/\/api.w.org\/{rel}","templated":true}]}}