{"id":3043,"date":"2014-06-04T18:44:40","date_gmt":"2014-06-04T18:44:40","guid":{"rendered":"https:\/\/coro.meridianos.org\/?p=3043"},"modified":"2014-11-14T10:51:24","modified_gmt":"2014-11-14T10:51:24","slug":"una-profesora-sevillana-recoge-300-000-firmas-contra-la-eliminacion-de-la-asignatura-de-musica-de-primaria","status":"publish","type":"post","link":"https:\/\/coro.meridianos.org\/index.php\/una-profesora-sevillana-recoge-300-000-firmas-contra-la-eliminacion-de-la-asignatura-de-musica-de-primaria\/","title":{"rendered":"Recoge 300.000 firmas para salvar la m\u00fasica en primaria"},"content":{"rendered":"<p><a href=\"https:\/\/coro.meridianos.org\/wp-content\/uploads\/2014\/06\/cinta-dominguez.jpg\"><img loading=\"lazy\" class=\"size-full wp-image-3044 alignright\" alt=\"cinta dominguez\" src=\"https:\/\/coro.meridianos.org\/wp-content\/uploads\/2014\/06\/cinta-dominguez.jpg\" width=\"160\" height=\"160\" srcset=\"https:\/\/coro.meridianos.org\/wp-content\/uploads\/2014\/06\/cinta-dominguez.jpg 160w, https:\/\/coro.meridianos.org\/wp-content\/uploads\/2014\/06\/cinta-dominguez-150x150.jpg 150w\" sizes=\"(max-width: 160px) 100vw, 160px\" \/><\/a>La profesora Cinta Dom\u00ednguez se ha convertido en la cabeza visible de <strong>un clamor de estudiantes, profesores y padres que rechazan la eliminaci\u00f3n de la asignatura de M\u00fasica<\/strong> del curr\u00edculum de Primaria.<\/p>\n<p><!--more-->La profesora sevillana ha logrado <a href=\"http:\/\/www.change.org\/es\/peticiones\/ministro-wert-devuelva-la-asignatura-de-m%C3%BAsica-a-la-educaci%C3%B3n-primaria\" target=\"_blank\">a trav\u00e9s de una petici\u00f3n en Change.org<\/a> que <strong>300.000 personas<\/strong> se sumen a la causa, que busca hacer rectificar al ministro de Educaci\u00f3n, Jos\u00e9 Ignacio Wert, y que no elimine de los cursos de Primaria las disciplinas art\u00edsticas.<\/p>\n<p>\u201c<strong>La m\u00fasica es cultura, ayuda a la estimulaci\u00f3n de los ni\u00f1os. Desarrolla la psicomotricidad, el pensamiento l\u00f3gico, las competencias en idiomas, la sensibilidad art\u00edstica, los valores y la autoestima entre otros factores<\/strong>. Los ni\u00f1os deber\u00edan tener derecho a una formaci\u00f3n completa y a una buena educaci\u00f3n musical\u201d, dice la profesora en su petici\u00f3n, que busca conseguir el medio mill\u00f3n de firmas para poder ser presentada oficialmente en el Congreso de los Diputados.<\/p>\n<p>Dom\u00ednguez afirma que <strong>la m\u00fasica aporta unos valores fundamentales en la educaci\u00f3n de los ni\u00f1os que cursan Primaria y que muchos es la \u00fanica oportunidad que tienen para acercarse a este arte<\/strong>, a trav\u00e9s de sus profesores en la escuela.<\/p>\n","protected":false},"excerpt":{"rendered":"<p>La profesora Cinta Dom\u00ednguez se ha convertido en la cabeza visible de un clamor de estudiantes, profesores y padres que rechazan la eliminaci\u00f3n de la asignatura de M\u00fasica del curr\u00edculum de Primaria.<\/p>\n","protected":false},"author":7,"featured_media":3311,"comment_status":"closed","ping_status":"closed","sticky":false,"template":"","format":"standard","meta":[],"categories":[55],"tags":[62,63,61,65,66,64],"_links":{"self":[{"href":"https:\/\/coro.meridianos.org\/index.php\/wp-json\/wp\/v2\/posts\/3043"}],"collection":[{"href":"https:\/\/coro.meridianos.org\/index.php\/wp-json\/wp\/v2\/posts"}],"about":[{"href":"https:\/\/coro.meridianos.org\/index.php\/wp-json\/wp\/v2\/types\/post"}],"author":[{"embeddable":true,"href":"https:\/\/coro.meridianos.org\/index.php\/wp-json\/wp\/v2\/users\/7"}],"replies":[{"embeddable":true,"href":"https:\/\/coro.meridianos.org\/index.php\/wp-json\/wp\/v2\/comments?post=3043"}],"version-history":[{"count":3,"href":"https:\/\/coro.meridianos.org\/index.php\/wp-json\/wp\/v2\/posts\/3043\/revisions"}],"predecessor-version":[{"id":3315,"href":"https:\/\/coro.meridianos.org\/index.php\/wp-json\/wp\/v2\/posts\/3043\/revisions\/3315"}],"wp:featuredmedia":[{"embeddable":true,"href":"https:\/\/coro.meridianos.org\/index.php\/wp-json\/wp\/v2\/media\/3311"}],"wp:attachment":[{"href":"https:\/\/coro.meridianos.org\/index.php\/wp-json\/wp\/v2\/media?parent=3043"}],"wp:term":[{"taxonomy":"category","embeddable":true,"href":"https:\/\/coro.meridianos.org\/index.php\/wp-json\/wp\/v2\/categories?post=3043"},{"taxonomy":"post_tag","embeddable":true,"href":"https:\/\/coro.meridianos.org\/index.php\/wp-json\/wp\/v2\/tags?post=3043"}],"curies":[{"name":"wp","href":"https:\/\/api.w.org\/{rel}","templated":true}]}}